{"id":7273,"date":"2023-03-15T11:00:47","date_gmt":"2023-03-15T10:00:47","guid":{"rendered":"https:\/\/church4you.be\/tournai\/?post_type=news&#038;p=7273"},"modified":"2023-03-15T11:00:47","modified_gmt":"2023-03-15T10:00:47","slug":"du-standard-de-liege-au-diocese-de-tournai","status":"publish","type":"news","link":"https:\/\/church4you.be\/tournai\/news\/du-standard-de-liege-au-diocese-de-tournai\/","title":{"rendered":"Du standard de Li\u00e8ge au dioc\u00e8se de Tournai"},"content":{"rendered":"\n<p>Pour le car\u00eame, on vous propose un t\u00e9moignage inspirant chaque semaine. Bonne route vers P\u00e2ques ! On continue avec le t\u00e9moignage de Valentin, jeune coordinateur \u00e0 l\u2019\u00e9cole int\u00e9grale pour le Dioc\u00e8se de Tournai.<\/p>\n\n\n\n<figure class=\"wp-block-embed is-type-video is-provider-youtube wp-block-embed-youtube wp-embed-aspect-16-9 wp-has-aspect-ratio\"><div class=\"wp-block-embed__wrapper\">\n<iframe loading=\"lazy\" title=\"DU STANDARD DE LIEGE AU DIOCESE DE TOURNAI - Dixit Valentin\" width=\"500\" height=\"281\" src=\"https:\/\/www.youtube.com\/embed\/orgUvtndbEg?feature=oembed\" frameborder=\"0\" allow=\"accelerometer; autoplay; clipboard-write; encrypted-media; gyroscope; picture-in-picture; web-share\" allowfullscreen><\/iframe>\n<\/div><\/figure>\n","protected":false},"excerpt":{"rendered":"<p>Pour le car\u00eame, on vous propose un t\u00e9moignage inspirant chaque semaine. Bonne route vers P\u00e2ques ! On continue avec le t\u00e9moignage de Valentin, jeune coordinateur \u00e0 l\u2019\u00e9cole int\u00e9grale pour le Dioc\u00e8se de Tournai.<\/p>\n","protected":false},"author":6,"featured_media":7274,"template":"","tags":[218],"news_category":[],"_links":{"self":[{"href":"https:\/\/church4you.be\/tournai\/wp-json\/wp\/v2\/news\/7273"}],"collection":[{"href":"https:\/\/church4you.be\/tournai\/wp-json\/wp\/v2\/news"}],"about":[{"href":"https:\/\/church4you.be\/tournai\/wp-json\/wp\/v2\/types\/news"}],"author":[{"embeddable":true,"href":"https:\/\/church4you.be\/tournai\/wp-json\/wp\/v2\/users\/6"}],"wp:featuredmedia":[{"embeddable":true,"href":"https:\/\/church4you.be\/tournai\/wp-json\/wp\/v2\/media\/7274"}],"wp:attachment":[{"href":"https:\/\/church4you.be\/tournai\/wp-json\/wp\/v2\/media?parent=7273"}],"wp:term":[{"taxonomy":"post_tag","embeddable":true,"href":"https:\/\/church4you.be\/tournai\/wp-json\/wp\/v2\/tags?post=7273"},{"taxonomy":"news_category","embeddable":true,"href":"https:\/\/church4you.be\/tournai\/wp-json\/wp\/v2\/news_category?post=7273"}],"curies":[{"name":"wp","href":"https:\/\/api.w.org\/{rel}","templated":true}]}}