{"id":8969,"date":"2023-10-24T13:24:00","date_gmt":"2023-10-24T11:24:00","guid":{"rendered":"https:\/\/church4you.be\/namur-lux\/?post_type=news&#038;p=8969"},"modified":"2025-10-31T12:18:08","modified_gmt":"2025-10-31T11:18:08","slug":"flamme","status":"publish","type":"news","link":"https:\/\/church4you.be\/namur-lux\/news\/flamme\/","title":{"rendered":"Lumi\u00e8re pour la paix"},"content":{"rendered":"\n<p><strong>Le Service Jeunes vous propose de porter une lumi\u00e8re \u00e0 vos voisins, amis&#8230;  Si le geste est symbolique, nous esp\u00e9rons son action vraiment porteuse de paix, <span data-mce-type=\"bookmark\" id=\"mce_1_start\" data-mce-style=\"overflow:hidden;line-height:0px\" style=\"overflow:hidden;line-height:0px\">d\u2019amour et d\u2019espoir.<\/strong><\/p>\n\n\n\n<p><strong>Nous vous propose de porter une lumi\u00e8re \u00e0 vos voisins, amis\u2026 Si le geste est symbolique, nous esp\u00e9rons son action vraiment porteuse de paix, d\u2019amour et d\u2019espoir.<\/strong><\/p>\n\n\n\n<p>Comme chaque ann\u00e9e depuis 1986, la lumi\u00e8re de la paix est allum\u00e9e dans la grotte de la nativit\u00e9 \u00e0 Bethl\u00e9em et partag\u00e9e en relais \u00e0 travers le monde. Cette ann\u00e9e, elle arrive en <strong>Belgique le 7 d\u00e9cembre<\/strong> <strong>\u00e0 Eupen<\/strong> (ce <a href=\"https:\/\/youtu.be\/mKW5HeKl1fY?t=8\">reportage<\/a><a href=\"https:\/\/www.youtube.com\/watch?v=RyndKlRXw-0\"> kto<\/a> retrace le trajet de la flamme et sa propagation en France). En 2025, il nous semble toujours important d\u2019aller porter lumi\u00e8re et chaleur \u00e0 nos contemporains.&nbsp;<\/p>\n\n\n\n<p>Vous trouverez de multiple \u00e9v\u00e8nement autour de cette proposition. \u00c0 titre d&rsquo;exemple, le Service Jeunes de Namur accueille la flamme<strong> lors d&rsquo;une <a href=\"http:\/\/church4you.be\/namur-lux\/events\/event\/lumiere-pour-la-paix-namur-2025\/\">marche \u00e0 la lanterne au d\u00e9part des bords de la Meuse<\/a>.<\/strong> \u00c0 l&rsquo;issue de la marche, la flamme sera re\u00e7ue \u00e0 la cath\u00e9drale. Ensuite <strong>elle sera disponible dans plusieurs lieux du dioc\u00e8se<\/strong> (Malonne, Marloie, Arlon&#8230;).\u00a0Nous vous invitons \u00e0 la mettre vous-m\u00eame \u00e0 <strong>disposition dans vos unit\u00e9s, paroisses et foyers<\/strong>. Pourquoi ne pas envisager un porte \u00e0 porte avec les enfants du cat\u00e9, les confirm\u00e9s, les scouts\/guides\/patro\u2026 \u00a0Pourquoi ne pas proposer aux membres des diff\u00e9rents groupes et mouvements de votre r\u00e9gion \u00e0 faire de m\u00eame. <strong>Soyez cr\u00e9atifs et audacieux dans le fait d\u2019aller porter cette flamme<\/strong>.<\/p>\n\n\n\n<p>Concr\u00e8tement, en plus de <strong>mettre \u00e0 disposition la flamme dans le dioc\u00e8se<\/strong>, le Service Jeunes peut vous aider dans la <strong><a href=\"https:\/\/church4you.be\/wp-content\/uploads\/2023\/10\/4tracts-A6-NB-RV.pdf\" data-type=\"URL\">conception de tracts<\/a><\/strong> \u00e0 mettre dans les boites aux lettres pour pr\u00e9senter la d\u00e9marche et expliquer votre initiative locale.<\/p>\n\n\n\n<p>La flamme de la paix existe depuis plus de trente ans mais nous permet encore aujourd\u2019hui de redire l&rsquo;importance de propager la paix.<\/p>\n\n\n\n<p><em>La flamme est disponible chez vous? Dites-le nous.<\/em><\/p>\n\n\n\n\n\n<figure class=\"wp-block-embed is-type-video is-provider-youtube wp-block-embed-youtube wp-embed-aspect-16-9 wp-has-aspect-ratio\"><div class=\"wp-block-embed__wrapper\">\n<iframe loading=\"lazy\" title=\"Lumie\u0300re pour la paix 2023\" width=\"500\" height=\"281\" src=\"https:\/\/www.youtube.com\/embed\/pNku1oP0hhU?feature=oembed\" frameborder=\"0\" allow=\"accelerometer; autoplay; clipboard-write; encrypted-media; gyroscope; picture-in-picture; web-share\" referrerpolicy=\"strict-origin-when-cross-origin\" allowfullscreen><\/iframe>\n<\/div><\/figure>\n","protected":false},"excerpt":{"rendered":"<p>Le Service Jeunes vous propose de porter une lumi\u00e8re \u00e0 vos voisins, amis&#8230; Si le geste est symbolique, nous esp\u00e9rons son action vraiment porteuse de paix, d\u2019amour et d\u2019espoir. Nous vous propose de porter une lumi\u00e8re \u00e0 vos voisins, amis\u2026 Si le geste est symbolique, nous esp\u00e9rons son action vraiment porteuse de paix, d\u2019amour et &hellip; <\/p>\n<p class=\"link-more\"><a href=\"https:\/\/church4you.be\/namur-lux\/news\/flamme\/\" class=\"more-link\">Continue reading<span class=\"screen-reader-text\"> \u00ab\u00a0Lumi\u00e8re pour la paix\u00a0\u00bb<\/span><\/a><\/p>\n","protected":false},"author":8,"featured_media":7100,"template":"","tags":[],"news_category":[],"_links":{"self":[{"href":"https:\/\/church4you.be\/namur-lux\/wp-json\/wp\/v2\/news\/8969"}],"collection":[{"href":"https:\/\/church4you.be\/namur-lux\/wp-json\/wp\/v2\/news"}],"about":[{"href":"https:\/\/church4you.be\/namur-lux\/wp-json\/wp\/v2\/types\/news"}],"author":[{"embeddable":true,"href":"https:\/\/church4you.be\/namur-lux\/wp-json\/wp\/v2\/users\/8"}],"wp:featuredmedia":[{"embeddable":true,"href":"https:\/\/church4you.be\/namur-lux\/wp-json\/wp\/v2\/media\/7100"}],"wp:attachment":[{"href":"https:\/\/church4you.be\/namur-lux\/wp-json\/wp\/v2\/media?parent=8969"}],"wp:term":[{"taxonomy":"post_tag","embeddable":true,"href":"https:\/\/church4you.be\/namur-lux\/wp-json\/wp\/v2\/tags?post=8969"},{"taxonomy":"news_category","embeddable":true,"href":"https:\/\/church4you.be\/namur-lux\/wp-json\/wp\/v2\/news_category?post=8969"}],"curies":[{"name":"wp","href":"https:\/\/api.w.org\/{rel}","templated":true}]}}