{"id":7045,"date":"2021-11-20T14:27:27","date_gmt":"2021-11-20T13:27:27","guid":{"rendered":"https:\/\/church4you.be\/namur-lux\/?post_type=news&#038;p=7045"},"modified":"2021-11-20T20:40:13","modified_gmt":"2021-11-20T19:40:13","slug":"que-faire-lors-dune-journee-jmj-locales","status":"publish","type":"news","link":"https:\/\/church4you.be\/namur-lux\/news\/que-faire-lors-dune-journee-jmj-locales\/","title":{"rendered":"Que faire lors d&rsquo;une journ\u00e9e JMJ locales ?"},"content":{"rendered":"\n<p>La vid\u00e9o : <a rel=\"noreferrer noopener\" href=\"https:\/\/youtu.be\/tT5l5Y15Vqk\" target=\"_blank\">https:\/\/youtu.be\/tT5l5Y15Vqk<\/a><\/p>\n\n\n\n<p> <strong>1.  Message<\/strong> <strong>annuel du Saint-P\u00e8re pour la JMJ <\/strong><br>Chaque ann\u00e9e, en vue de la c\u00e9l\u00e9bration des JMJ locales ,<strong> le Saint P\u00e8re<\/strong> publie un<strong> Message pour les jeunes<\/strong>. Il serait donc opportun que les rencontres pr\u00e9paratoires et la JMJ dioc\u00e9saine\/\u00e9parchiale elle-m\u00eame s\u2019inspirent des paroles que le Saint-P\u00e8re adresse aux jeunes, et en particulier du passage biblique propos\u00e9 dans le Message.<br>Il serait \u00e9galement important que les jeunes \u00e9coutent la <strong>Parole de Dieu<\/strong> et la<strong> parole<br>de l\u2019\u00c9glise<\/strong>, et qu\u2019ils les entendent de la vive voix des personnes qui leur sont proches,<br>et qui savent appliquer les textes bibliques et magist\u00e9riels aux <strong>situations concr\u00e8tes que vivent les jeunes<\/strong> qu\u2019ils ont sous les yeux. <br>Ce Message, pourra donc \u00eatre d\u00e9clin\u00e9e , en tenant compte de la <strong>r\u00e9alit\u00e9 locale<\/strong>.<br>Sans oublier les deux grandes lignes d\u2019action que le Pape Fran\u00e7ois a indiqu\u00e9es : la recherche et la croissance.<br><\/p>\n\n\n\n<p><strong>2.  Que la Journ\u00e9e des Jeunes soit une \u201cexp\u00e9rience d\u2019\u00c9glise\u201d !<\/strong><br>C\u2019est important que la c\u00e9l\u00e9bration dioc\u00e9saine de la JMJ devienne une occasion pour les jeunes de faire l\u2019exp\u00e9rience de la <strong>communion eccl\u00e9siale<\/strong> et de prendre conscience du fait qu\u2019ils font partie int\u00e9grante de l\u2019\u00c9glise. La premi\u00e8re forme<br>d\u2019implication des jeunes doit \u00eatre l\u2019<strong>\u00e9coute<\/strong>. Dans la pr\u00e9paration de la Journ\u00e9e dioc\u00e9saine de la jeunesse, il convient de trouver des moments et des moyens appropri\u00e9s pour que la <strong>voix des jeunes soit entendue<\/strong> au sein des structures de communion existantes : \u00e9quipe pastorale, \u2026<br><\/p>\n\n\n\n<p><strong>3 . Que la Journ\u00e9e des Jeunes soit une \u201cexp\u00e9rience missionnaire\u201d !<\/strong><br>Les JMJ internationales se sont av\u00e9r\u00e9es une excellente occasion pour les jeunes de vivre une exp\u00e9rience missionnaire. Il devrait en \u00eatre de m\u00eame pour la c\u00e9l\u00e9bration locale.  Pour ce faire, l\u2019on pourra par exemple organiser des <strong>missions<\/strong> au cours desquelles les jeunes sont invit\u00e9s \u00e0 visiter les personnes \u00e0 domicile pour leur porter un message d\u2019espoir, un mot de r\u00e9confort ou simplement pour se mettre \u00e0 leur \u00e9coute.<br>L\u2019on devra \u00e9galement encourager et promouvoir des activit\u00e9s dans lesquelles les jeunes font l\u2019exp\u00e9rience du <strong>b\u00e9n\u00e9volat<\/strong>, du service gratuit et du don de soi. Il ne faut pas non plus oublier que le dimanche qui pr\u00e9c\u00e8de la Solennit\u00e9 du Christ-Roi, l\u2019\u00c9glise c\u00e9l\u00e8bre la Journ\u00e9e Mondiale des pauvres. Quelle meilleure occasion de promouvoir des initiatives dans lesquelles les jeunes donnent de leur temps, de leur force aux plus pauvres, aux exclus, \u00e0 ceux qui sont mis \u00e0 l\u2019\u00e9cart par la soci\u00e9t\u00e9 ! <\/p>\n\n\n\n<p><strong>4. Que la Journ\u00e9e des Jeunes soit une \u201coccasion de discernement vocationnel\u201d et un \u201cappel \u00e0 la saintet\u00e9\u201d !<\/strong><br>Dans le cadre d\u2019une exp\u00e9rience de foi eccl\u00e9siale et missionnaire forte, la priorit\u00e9 doit \u00eatre donn\u00e9e \u00e0 la dimension vocationnelle.<br>Il s\u2019agit d\u2019une <strong>approche graduelle<\/strong> qui fait d\u2019abord comprendre aux jeunes que <strong>toute leur vie est plac\u00e9e devant Dieu<\/strong> qui les aime et les appelle. Dieu les a appel\u00e9s d\u2019abord \u00e0 la vie, Il les appelle sans cesse au bonheur, Il<br>les appelle \u00e0 le conna\u00eetre et surtout \u00e0 accepter son Fils J\u00e9sus comme leur ma\u00eetre, leur ami, leur Sauveur. Reconna\u00eetre et se mesurer avec ces \u201cvocations fondamentales\u201d signifie : l\u2019acceptation de l\u2019existence comme un don de Dieu, <strong>vivre donc en r\u00e9f\u00e9rence \u00e0 Lui<\/strong> ; le choix d\u2019un style de vie chr\u00e9tien, dans les relations affectives et sociales ; le choix du parcours d\u2019\u00e9tude, de l\u2019engagement dans le travail ; le choix de faire de toute son existence un don pour les autres qui sera v\u00e9cu dans le service et l\u2019amour d\u00e9sint\u00e9ress\u00e9. \u00ab\u00a0Des choix banals m\u00e8nent \u00e0 une vie banale, des grands choix rendent grande la vie \u00bb Pape Fran\u00e7ois. <br>Les JMJ doivent faire r\u00e9sonner dans le c\u0153ur des jeunes l\u2019<strong>appel \u00e0 la saintet\u00e9<\/strong> comme un v\u00e9ritable chemin vers le bonheur et l\u2019\u00e9panouissement personnel. <strong>Une saintet\u00e9 selon l\u2019histoire et le caract\u00e8re personnel de chaque jeune<\/strong>,&#8230; Il convient donc de mettre \u00e0 profit le riche patrimoine des saints de l\u2019\u00c9glise locale et universelle, dont les vies nous confirment que le chemin de la saintet\u00e9 est non seulement <strong>possible et praticable<\/strong>, mais est aussi source de grande joie<\/p>\n\n\n\n<p><strong>5. Que la Journ\u00e9e des Jeunes soit une \u201cexp\u00e9rience de p\u00e8lerinage\u201d !<\/strong><br>Les JMJ ont \u00e9t\u00e9, d\u00e8s le d\u00e9but, un grand p\u00e8lerinage. Un p\u00e8lerinage dans l\u2019espace \u2013 de diff\u00e9rentes villes, pays et continents vers la destination choisie pour la rencontre avec le Pape et les autres jeunes \u2013 et <strong>un p\u00e8lerinage dans le temps<\/strong> \u2013 d\u2019une g\u00e9n\u00e9ration de jeunes \u00e0 une autre qui a \u201cpris le relais\u201d \u2013 qui a profond\u00e9ment marqu\u00e9 ces trente-cinq derni\u00e8res ann\u00e9es de la vie de l\u2019\u00c9glise.<br>Les jeunes des JMJ ne suivent pas le pape mais ils \u201cmarchent ensemble\u201d <strong>vers Dieu<\/strong>.<br>Les JMJ locales peuvent donc proposer de <strong>v\u00e9ritables exp\u00e9riences de p\u00e8lerinage<\/strong>.<br>Des exp\u00e9riences qui incitent les jeunes \u00e0 quitter leurs maisons et <strong>\u00e0 se mettre en rout<\/strong>e.<br>Sans jamais oublier que, \u00ab Les diverses manifestations de pi\u00e9t\u00e9 populaire, en particulier les p\u00e8lerinages, attirent les jeunes qui n\u2019ont pas tendance \u00e0 s\u2019ins\u00e9rer facilement dans les structures eccl\u00e9siales, et sont<strong> une exp<\/strong>ression concr\u00e8te de la confiance en Dieu. \u00bb<\/p>\n\n\n\n<p><strong>6. Que la Journ\u00e9e des Jeunes soit une \u201cexp\u00e9rience de fraternit\u00e9 universelle\u201d !<\/strong><br>Les JMJ doivent \u00eatre une occasion de <strong>rencontre <\/strong>pour <strong>tous les jeunes<\/strong>, et pas<br>seulement pour les jeunes catholiques. <br>\u00ab Chaque jeune a quelque chose \u00e0 dire aux autres, a quelque chose \u00e0 dire aux adultes, a quelque chose \u00e0 dire aux pr\u00eatres, aux s\u0153urs, aux \u00e9v\u00eaques et au Pape ! \u00bb.<br>Dans cette optique, les JMJ locales peuvent \u00eatre une occasion opportune pour faire rassembler et dialoguer tous les jeunes qui vivent sur un territoire donn\u00e9, au-del\u00e0 de leurs croyances, de leur vision de la vie, de leurs convictions.<br>Chaque jeune doit se sentir invit\u00e9 \u00e0 participer et accueilli comme un fr\u00e8re. Il est<br>important de construire \u00ab <strong>une pastorale des jeunes<\/strong>, capable de cr\u00e9er des espaces<br>inclusifs, o\u00f9 il y aura <strong>de la place pour toutes sortes de jeunes<\/strong> et o\u00f9 se manifestera<br>r\u00e9ellement que nous sommes une <strong>\u00c9glise aux portes ouvertes<\/strong> \u00bb.<em><br><\/em><\/p>\n\n\n\n<p><strong>En Conclusion<\/strong><br>Les JMJ locales constituent sans aucun doute une <strong>\u00e9tape importante<\/strong> dans la vie de chaque \u00c9glise particuli\u00e8re, un moment privil\u00e9gi\u00e9 de rencontre avec les jeunes g\u00e9n\u00e9rations, un instrument d\u2019\u00e9vang\u00e9lisation du monde des jeunes et de dialogue avec eux. <br>N\u2019oublions jamais que \u00ab L\u2019\u00c9glise a tant de choses \u00e0 dire<br>aux jeunes et les jeunes ont tant de choses \u00e0 dire \u00e0 l\u2019\u00c9glise. \u00bb <br>Les JMJ locales doivent \u00eatre occasion pour faire <strong>ressortir le potentiel de bien<\/strong>, la g\u00e9n\u00e9rosit\u00e9, la soif de valeurs authentiques et de grands id\u00e9aux que chaque jeune porte en lui.<br>Nous r\u00e9it\u00e9rons donc combien il est important que les \u00c9glises particuli\u00e8res accordent une attention particuli\u00e8re \u00e0 la c\u00e9l\u00e9bration de la Journ\u00e9e de la Jeunesse dioc\u00e9saine\/\u00e9parchiale, afin qu\u2019elle soit valoris\u00e9e comme il se doit. <br><strong>Investir sur les jeunes<\/strong>, c\u2019est investir sur l\u2019avenir de l\u2019\u00c9glise; c\u2019est promouvoir les vocations, c\u2019est initier efficacement la pr\u00e9paration lointaine des<strong> familles de demain<\/strong>.<br>Il s\u2019agit donc d\u2019une<strong> t\u00e2che vitale<\/strong> pour chaque \u00c9glise locale, et pas simplement d\u2019une activit\u00e9 en plus \u00e0 c\u00f4t\u00e9 des autres.<\/p>\n","protected":false},"excerpt":{"rendered":"<p>La vid\u00e9o : https:\/\/youtu.be\/tT5l5Y15Vqk 1. Message annuel du Saint-P\u00e8re pour la JMJ Chaque ann\u00e9e, en vue de la c\u00e9l\u00e9bration des JMJ locales , le Saint P\u00e8re publie un Message pour les jeunes. Il serait donc opportun que les rencontres pr\u00e9paratoires et la JMJ dioc\u00e9saine\/\u00e9parchiale elle-m\u00eame s\u2019inspirent des paroles que le Saint-P\u00e8re adresse aux jeunes, et &hellip; <\/p>\n<p class=\"link-more\"><a href=\"https:\/\/church4you.be\/namur-lux\/news\/que-faire-lors-dune-journee-jmj-locales\/\" class=\"more-link\">Continue reading<span class=\"screen-reader-text\"> \u00ab\u00a0Que faire lors d&rsquo;une journ\u00e9e JMJ locales ?\u00a0\u00bb<\/span><\/a><\/p>\n","protected":false},"author":8,"featured_media":7059,"template":"","tags":[],"news_category":[],"_links":{"self":[{"href":"https:\/\/church4you.be\/namur-lux\/wp-json\/wp\/v2\/news\/7045"}],"collection":[{"href":"https:\/\/church4you.be\/namur-lux\/wp-json\/wp\/v2\/news"}],"about":[{"href":"https:\/\/church4you.be\/namur-lux\/wp-json\/wp\/v2\/types\/news"}],"author":[{"embeddable":true,"href":"https:\/\/church4you.be\/namur-lux\/wp-json\/wp\/v2\/users\/8"}],"wp:featuredmedia":[{"embeddable":true,"href":"https:\/\/church4you.be\/namur-lux\/wp-json\/wp\/v2\/media\/7059"}],"wp:attachment":[{"href":"https:\/\/church4you.be\/namur-lux\/wp-json\/wp\/v2\/media?parent=7045"}],"wp:term":[{"taxonomy":"post_tag","embeddable":true,"href":"https:\/\/church4you.be\/namur-lux\/wp-json\/wp\/v2\/tags?post=7045"},{"taxonomy":"news_category","embeddable":true,"href":"https:\/\/church4you.be\/namur-lux\/wp-json\/wp\/v2\/news_category?post=7045"}],"curies":[{"name":"wp","href":"https:\/\/api.w.org\/{rel}","templated":true}]}}