{"id":7011,"date":"2021-11-20T14:30:33","date_gmt":"2021-11-20T13:30:33","guid":{"rendered":"https:\/\/church4you.be\/namur-lux\/?post_type=news&#038;p=7011"},"modified":"2021-11-22T10:35:30","modified_gmt":"2021-11-22T09:35:30","slug":"les-jmj-locales","status":"publish","type":"news","link":"https:\/\/church4you.be\/namur-lux\/news\/les-jmj-locales\/","title":{"rendered":"Les JMJ locales"},"content":{"rendered":"\n<figure class=\"wp-block-embed is-type-video is-provider-youtube wp-block-embed-youtube wp-embed-aspect-16-9 wp-has-aspect-ratio\"><div class=\"wp-block-embed__wrapper\">\n <iframe loading=\"lazy\" title=\"DES JMJ LOCALES ?\" width=\"500\" height=\"281\" src=\"https:\/\/www.youtube.com\/embed\/hFbWBrLTBIE?feature=oembed\" frameborder=\"0\" allow=\"accelerometer; autoplay; clipboard-write; encrypted-media; gyroscope; picture-in-picture\" allowfullscreen><\/iframe>\n<\/div><\/figure>\n\n\n\n<p><strong>Si je te dis JMJ, je parie que tu me dis \u00ab\u00a0grands rassemblements avec le Pape\u00a0\u00bb et c&rsquo;est vrai ! Mais, car il y a un \u00ab\u00a0mais\u00a0\u00bb ce n&rsquo;est qu&rsquo;une partie&#8230; <\/strong><\/p>\n\n\n\n<p>L&rsquo;intuition de Jean-Paul II est que les JMJ sont <strong>un chemin<\/strong>, un p\u00e8lerinage pour les jeunes. Certaines \u00e9tapes de cet itin\u00e9raire sont les grands rassemblements mondiaux largement m\u00e9diatis\u00e9s.  D&rsquo;autres \u00e9v\u00e9nements annuels ponctuent ou devraient ponctuer la route : les journ\u00e9es mondiales de la jeunesse locales.<\/p>\n\n\n\n<p>En Belgique, plusieurs rassemblements ont eu lieu au niveau national ou francophone (par exemple \u00e0 Sint Niklaas en 2013 ou Aimer et Servir en 2019). Mais le Pape Fran\u00e7ois et le dicast\u00e8re pour les jeunes d\u00e9sirent que ces journ\u00e9es mondiales locales soient vraiment remise \u00e0 l&rsquo;honneur et de mani\u00e8re encore plus locale \u00e0 savoir en secteur, unit\u00e9 pastorale ou doyenn\u00e9&#8230; <a href=\"http:\/\/www.laityfamilylife.va\/content\/dam\/laityfamilylife\/Orientamenti\/Orientations.pdf\">Un tr\u00e8s beau document disponible ici<\/a> a \u00e9t\u00e9 publi\u00e9 pour expliquer l&rsquo;esprit  et donner des pistes concr\u00e8tes pour ces journ\u00e9es de la jeunesse locales. Vous pourrez le lire \u00e0 votre aise.<\/p>\n\n\n\n<p>Nous avons aussi d\u00e9cid\u00e9 d&rsquo;en communiquer l&rsquo;essentiel dans de courtes vid\u00e9os qui vous accompagnent durant quelques semaines. La premi\u00e8re est disponible sur <a href=\"https:\/\/www.youtube.com\/c\/Sacr%C3%A9sJeunes\">notre chaine Youtube<\/a> ou <a href=\"https:\/\/www.facebook.com\/SacresJeunes.be\">notre page facebook<\/a>. D&rsquo;autres suivront&#8230;  Alors mettons-nous en route et si ce n&rsquo;est plus possible d&rsquo;organiser quelque chose pour ce 21 novembre, f\u00eate du Christ-Roi et date universelle pour ces JMJ locales, mettons-nous en r\u00e9flexion avec les jeunes et toute l&rsquo;\u00e9quipe pastorale pour c\u00e9l\u00e9brer dignement, comme le souhaite le Pape, les JMJ locales de 2022 !  En route&#8230;<\/p>\n\n\n\n\n\n<p><\/p>\n","protected":false},"excerpt":{"rendered":"<p>Si je te dis JMJ, je parie que tu me dis \u00ab\u00a0grands rassemblements avec le Pape\u00a0\u00bb et c&rsquo;est vrai ! Mais, car il y a un \u00ab\u00a0mais\u00a0\u00bb ce n&rsquo;est qu&rsquo;une partie&#8230; L&rsquo;intuition de Jean-Paul II est que les JMJ sont un chemin, un p\u00e8lerinage pour les jeunes. Certaines \u00e9tapes de cet itin\u00e9raire sont les grands &hellip; <\/p>\n<p class=\"link-more\"><a href=\"https:\/\/church4you.be\/namur-lux\/news\/les-jmj-locales\/\" class=\"more-link\">Continue reading<span class=\"screen-reader-text\"> \u00ab\u00a0Les JMJ locales\u00a0\u00bb<\/span><\/a><\/p>\n","protected":false},"author":8,"featured_media":7058,"template":"","tags":[],"news_category":[],"_links":{"self":[{"href":"https:\/\/church4you.be\/namur-lux\/wp-json\/wp\/v2\/news\/7011"}],"collection":[{"href":"https:\/\/church4you.be\/namur-lux\/wp-json\/wp\/v2\/news"}],"about":[{"href":"https:\/\/church4you.be\/namur-lux\/wp-json\/wp\/v2\/types\/news"}],"author":[{"embeddable":true,"href":"https:\/\/church4you.be\/namur-lux\/wp-json\/wp\/v2\/users\/8"}],"wp:featuredmedia":[{"embeddable":true,"href":"https:\/\/church4you.be\/namur-lux\/wp-json\/wp\/v2\/media\/7058"}],"wp:attachment":[{"href":"https:\/\/church4you.be\/namur-lux\/wp-json\/wp\/v2\/media?parent=7011"}],"wp:term":[{"taxonomy":"post_tag","embeddable":true,"href":"https:\/\/church4you.be\/namur-lux\/wp-json\/wp\/v2\/tags?post=7011"},{"taxonomy":"news_category","embeddable":true,"href":"https:\/\/church4you.be\/namur-lux\/wp-json\/wp\/v2\/news_category?post=7011"}],"curies":[{"name":"wp","href":"https:\/\/api.w.org\/{rel}","templated":true}]}}