{"id":5935,"date":"2020-10-08T11:51:50","date_gmt":"2020-10-08T09:51:50","guid":{"rendered":"https:\/\/church4you.be\/namur-lux\/?post_type=news&#038;p=5935"},"modified":"2025-03-26T12:02:12","modified_gmt":"2025-03-26T11:02:12","slug":"il-aurait-aujourdhui-30-ans","status":"publish","type":"news","link":"https:\/\/church4you.be\/namur-lux\/news\/il-aurait-aujourdhui-30-ans\/","title":{"rendered":"15 ans comme toi et un mod\u00e8le de saintet\u00e9 !"},"content":{"rendered":"\n<figure class=\"wp-block-image size-large is-resized is-style-rounded\"><img loading=\"lazy\" src=\"https:\/\/church4you.be\/namur-lux\/wp-content\/uploads\/sites\/6\/2020\/10\/carlo.png\" alt=\"\" class=\"wp-image-5936\" width=\"375\" height=\"220\" srcset=\"https:\/\/church4you.be\/namur-lux\/wp-content\/uploads\/sites\/6\/2020\/10\/carlo.png 1500w, https:\/\/church4you.be\/namur-lux\/wp-content\/uploads\/sites\/6\/2020\/10\/carlo-580x340.png 580w, https:\/\/church4you.be\/namur-lux\/wp-content\/uploads\/sites\/6\/2020\/10\/carlo-250x147.png 250w, https:\/\/church4you.be\/namur-lux\/wp-content\/uploads\/sites\/6\/2020\/10\/carlo-768x451.png 768w, https:\/\/church4you.be\/namur-lux\/wp-content\/uploads\/sites\/6\/2020\/10\/carlo-75x44.png 75w\" sizes=\"(max-width: 375px) 100vw, 375px\" \/><\/figure>\n\n\n\n<p>Carlo Acutis en&rsquo;avait que 15 ans quand il est mort, en 2006, d&rsquo;une leuc\u00e9mie foudroyante.  Il aurait pu \u00eatre ton fr\u00e8re, ton cousin, ton voisin&#8230; Et voil\u00e0 qu&rsquo;aujourd&rsquo;hui, l\u2019\u00c9glise nous le pr\u00e9sente comme un exemple, un mod\u00e8le pour notre vie chr\u00e9tienne.<\/p>\n\n\n\n<p>J\u00e9sus prenait beaucoup de place dans sa vie et dans son c\u0153ur puisque, chaque jour, il prenait un temps d\u2019adoration, allait \u00e0 la messe, priait le chapelet&#8230; Du coup, tu penses que c&rsquo;est une grenouille de b\u00e9nitier, quelqu&rsquo;un qui n\u2019est pr\u00e9occup\u00e9 que par le culte? Pas du tout !  <\/p>\n\n\n\n<p>Vois plut\u00f4t : Carlo, enfant d&rsquo;une famille ais\u00e9e, apportait souvent \u00e0 manger aux sans-abris, parfois m\u00eame son souper.  D&rsquo;ailleurs, le jour de ses fun\u00e9railles beaucoup de pauvres, de marginaux \u00e9taient l\u00e0 ! Il \u00e9tait missionnaire aussi et invitait ses amis \u00e0 d\u00e9couvrir la foi ; il d\u00e9sirait les attirer \u00e0 J\u00e9sus. Carlo avait aussi <strong>un don et une passion pour l&rsquo;informatique<\/strong>.  Il a \u00e9t\u00e9 plusieurs fois qualifi\u00e9 par des informaticiens de \u00ab\u00a0g\u00e9nie\u00a0\u00bb !  Il a souvent mis ce talent au service de sa paroisse et de l\u2019\u00c9glise.  Carlo est indiqu\u00e9 par le Pape Fran\u00e7ois comme un exemple pour un usage sain des m\u00e9dias.<\/p>\n\n\n\n<figure class=\"wp-block-pullquote is-style-solid-color\"><blockquote><p><em>     Il est vrai que le monde num\u00e9rique peut t\u2019exposer au risque du repli sur soi, de l\u2019isolement ou du plaisir vide. Mais n\u2019oublie pas qu\u2019il y a des jeunes qui sont aussi cr\u00e9atifs, et parfois g\u00e9niaux, dans cet environnement. C\u2019est ce que faisait le jeune V\u00e9n\u00e9rable Carlo Acutis<\/em>.<\/p><cite>Pape Fran\u00e7ois<\/cite><\/blockquote><\/figure>\n\n\n\n<p>Prions-le pour nous aider \u00e0 d\u00e9velopper nos talents et faire un bon usage d&rsquo;internet !<\/p>\n\n\n\n<p>Je te laisse en d\u00e9couvrir plus sur sa vie dans ces petites vid\u00e9os :<\/p>\n\n\n\n<div class=\"wp-block-columns\">\n<div class=\"wp-block-column\">\n<figure class=\"wp-block-embed is-type-video is-provider-youtube wp-block-embed-youtube wp-embed-aspect-16-9 wp-has-aspect-ratio\"><div class=\"wp-block-embed__wrapper\">\n<iframe loading=\"lazy\" title=\"Carlo Acutis, \u00ab le geek de J\u00e9sus \u00bb, bient\u00f4t b\u00e9atifi\u00e9\" width=\"500\" height=\"281\" src=\"https:\/\/www.youtube.com\/embed\/vpFbpNcx3DM?feature=oembed\" frameborder=\"0\" allow=\"accelerometer; autoplay; clipboard-write; encrypted-media; gyroscope; picture-in-picture; web-share\" referrerpolicy=\"strict-origin-when-cross-origin\" allowfullscreen><\/iframe>\n<\/div><\/figure>\n<\/div>\n\n\n\n<div class=\"wp-block-column\">\n<figure class=\"wp-block-embed is-type-video is-provider-youtube wp-block-embed-youtube wp-embed-aspect-16-9 wp-has-aspect-ratio\"><div class=\"wp-block-embed__wrapper\">\n<iframe loading=\"lazy\" title=\"50 Faits sur | Carlo Acutis\" width=\"500\" height=\"281\" src=\"https:\/\/www.youtube.com\/embed\/1YVagGzmMJ4?feature=oembed\" frameborder=\"0\" allow=\"accelerometer; autoplay; clipboard-write; encrypted-media; gyroscope; picture-in-picture; web-share\" referrerpolicy=\"strict-origin-when-cross-origin\" allowfullscreen><\/iframe>\n<\/div><\/figure>\n<\/div>\n<\/div>\n\n\n\n<hr class=\"wp-block-separator is-style-wide\" \/>\n\n\n\n<p class=\"has-text-align-center\">Et un livre &#8230;<span style=\"color:#e83033\" class=\"has-inline-color\"><\/span><\/p>\n\n\n\n<div class=\"wp-block-image\"><figure class=\"aligncenter size-large is-resized\"><a href=\"https:\/\/www.ktotv.com\/video\/00308214\/carlo-acutis-missionnaire-2-0\"><img loading=\"lazy\" src=\"https:\/\/church4you.be\/namur-lux\/wp-content\/uploads\/sites\/6\/2020\/10\/Capture-decran-2020-10-09-10.53.14.png\" alt=\"\" class=\"wp-image-5945\" width=\"461\" height=\"542\" \/><\/a><figcaption><a href=\"https:\/\/librairiescdd.be\/\" target=\"_blank\" rel=\"noreferrer noopener\">Disponible au CDD de Namur et Arlon<\/a> <\/figcaption><\/figure><\/div>\n\n\n\n<h2 class=\"has-text-align-center\">Bienheureux Carlo Acutis, prie pour nous !<\/h2>\n\n\n\n<p><\/p>\n","protected":false},"excerpt":{"rendered":"<p>Carlo Acutis en&rsquo;avait que 15 ans quand il est mort, en 2006, d&rsquo;une leuc\u00e9mie foudroyante. Il aurait pu \u00eatre ton fr\u00e8re, ton cousin, ton voisin&#8230; Et voil\u00e0 qu&rsquo;aujourd&rsquo;hui, l\u2019\u00c9glise nous le pr\u00e9sente comme un exemple, un mod\u00e8le pour notre vie chr\u00e9tienne. J\u00e9sus prenait beaucoup de place dans sa vie et dans son c\u0153ur puisque, chaque &hellip; <\/p>\n<p class=\"link-more\"><a href=\"https:\/\/church4you.be\/namur-lux\/news\/il-aurait-aujourdhui-30-ans\/\" class=\"more-link\">Continue reading<span class=\"screen-reader-text\"> \u00ab\u00a015 ans comme toi et un mod\u00e8le de saintet\u00e9 !\u00a0\u00bb<\/span><\/a><\/p>\n","protected":false},"author":8,"featured_media":5937,"template":"","tags":[],"news_category":[],"_links":{"self":[{"href":"https:\/\/church4you.be\/namur-lux\/wp-json\/wp\/v2\/news\/5935"}],"collection":[{"href":"https:\/\/church4you.be\/namur-lux\/wp-json\/wp\/v2\/news"}],"about":[{"href":"https:\/\/church4you.be\/namur-lux\/wp-json\/wp\/v2\/types\/news"}],"author":[{"embeddable":true,"href":"https:\/\/church4you.be\/namur-lux\/wp-json\/wp\/v2\/users\/8"}],"wp:featuredmedia":[{"embeddable":true,"href":"https:\/\/church4you.be\/namur-lux\/wp-json\/wp\/v2\/media\/5937"}],"wp:attachment":[{"href":"https:\/\/church4you.be\/namur-lux\/wp-json\/wp\/v2\/media?parent=5935"}],"wp:term":[{"taxonomy":"post_tag","embeddable":true,"href":"https:\/\/church4you.be\/namur-lux\/wp-json\/wp\/v2\/tags?post=5935"},{"taxonomy":"news_category","embeddable":true,"href":"https:\/\/church4you.be\/namur-lux\/wp-json\/wp\/v2\/news_category?post=5935"}],"curies":[{"name":"wp","href":"https:\/\/api.w.org\/{rel}","templated":true}]}}