{"id":11234,"date":"2025-03-26T11:32:16","date_gmt":"2025-03-26T10:32:16","guid":{"rendered":"https:\/\/church4you.be\/namur-lux\/?post_type=news&#038;p=11234"},"modified":"2025-04-04T13:43:31","modified_gmt":"2025-04-04T11:43:31","slug":"miracle-eucharistique","status":"publish","type":"news","link":"https:\/\/church4you.be\/namur-lux\/news\/miracle-eucharistique\/","title":{"rendered":"Miracle Eucharistique &amp; pr\u00e9sence r\u00e9elle"},"content":{"rendered":"\n<p><strong>La canonisation de Carlo Acutis, un jeune Italien connu pour son attachement \u00e0 l\u2019Eucharistie et son engagement dans l\u2019\u00e9vang\u00e9lisation num\u00e9rique, est une bonne occasion de r\u00e9fl\u00e9chir \u00e0 la notion de pr\u00e9sence r\u00e9elle dans l\u2019Eucharistie. Cette doctrine, centrale dans la foi catholique, affirme que le pain et le vin consacr\u00e9s deviennent r\u00e9ellement le Corps et le Sang du Christ. Le jeune Carlo s\u2019est particuli\u00e8rement int\u00e9ress\u00e9 aux miracles eucharistiques, mais attention aux mauvaises interpr\u00e9tations. Pour \u00e9viter les malentendus, nous allons explorer ce que peut signifier \u00ab\u00a0<strong>mangez la chair du Fils de l&rsquo;homm<\/strong>e\u00a0\u00bb<\/strong>.<\/p>\n\n\n\n<h2><strong>La Pr\u00e9sence R\u00e9elle<\/strong><\/h2>\n\n\n\n<p>La \u00ab\u00a0th\u00e9orie\u00a0\u00bb (<em>doctrine<\/em>) de la pr\u00e9sence r\u00e9elle repose sur les paroles de J\u00e9sus lors de la C\u00e8ne : Ceci est mon corps. Ceci est mon sang (Mt 26, 26-28). Des figures importantes de l\u2019\u00c9glise, comme saint Augustin et saint Jean Chrysostome, ont expliqu\u00e9 que le pain et le vin consacr\u00e9s ne sont pas de simples symboles, mais deviennent vraiment le Corps et le Sang du Christ. Le Concile de Trente (1545-1563) explique que l\u2019essence du pain et du vin se transforme en Corps et en Sang du Christ, tout en gardant leur apparence ext\u00e9rieure. C\u2019est la transsubstantiation.<\/p>\n\n\n\n<h2><strong>Les miracles eucharistiques<\/strong><\/h2>\n\n\n\n<p>Lors des miracles eucharistiques, comme ceux de Lanciano (VIIIe si\u00e8cle) ou de Bolsena (XIIIe si\u00e8cle), des hosties se seraient transform\u00e9es en chair et en sang. Pour certains, cela est une confirmation tangible de la pr\u00e9sence r\u00e9elle. Mais ces manifestations peuvent pr\u00eater \u00e0 confusion. La tentation est grande de r\u00e9duire la pr\u00e9sence r\u00e9elle \u00e0 une r\u00e9alit\u00e9 physique, visible et mesurable. La foi catholique enseigne que le Christ est pr\u00e9sent dans l\u2019Eucharistie de mani\u00e8re sacramentelle, ind\u00e9pendamment de toute manifestation physique. R\u00e9duire la pr\u00e9sence r\u00e9elle \u00e0 des ph\u00e9nom\u00e8nes extraordinaires risque de d\u00e9tourner l\u2019attention de la dimension \u00e0 la fois \u00e9l\u00e9mentaire et spirituelle de l\u2019Eucharistie.<\/p>\n\n\n\n<h2><strong>Prenez et mangez<\/strong><\/h2>\n\n\n\n<p>Les \u00c9vang\u00e9listes utilisent deux mots diff\u00e9rents pour corps. Il y a le mot <em>sarx<\/em> qui signifie chair, il exprime toute la condition terrestre de l\u2019homme et ne se limite pas \u00e0 la dimension physique du corps. Le deuxi\u00e8me est <em>s\u00f4ma<\/em> qui d\u00e9signe ordinairement le <strong>corps physique<\/strong> de mani\u00e8re neutre, sans notion de faiblesse ou de p\u00e9ch\u00e9. Soulignons que pour les H\u00e9breux, l&rsquo;\u00e2me et le corps forment une unit\u00e9 indissociable. J\u00e9sus fait chair (sarx) assume pleinement la nature humaine. J\u00e9sus prend sur lui notre humanit\u00e9 et ses limites. Lors de la C\u00e8ne, J\u00e9sus dit \u00ab\u00a0Ceci est mon corps\u00a0\u00bb (soma). J\u00e9sus n&rsquo;a pas fait semblant d&rsquo;\u00eatre humain, il en a assum\u00e9 toutes la condition, y compris physique. Le sang, dans la tradition juive, est souvent associ\u00e9 \u00e0 la vie elle-m\u00eame. Le sang est ainsi compris comme une source de vie, et non comme une simple substance physique. L\u2019association entre le corps et le sang souligne une pr\u00e9sence divine indissociablement concr\u00e8te et vitale.<\/p>\n\n\n\n<p>Le verbe \u00ab\u00a0manger\u00a0\u00bb est lui aussi utilis\u00e9 \u00e0 la fois dans un sens tr\u00e8s pratique et pour illustrer des v\u00e9rit\u00e9s spirituelles. En effet, dans le juda\u00efsme, l&rsquo;\u00e9tude de la Torah est souvent compar\u00e9e \u00e0 la consommation de nourriture. Manger c&rsquo;est incorporer, faire sien. C&rsquo;est qui est mang\u00e9 devient partie int\u00e9grante de soi. D\u00e9tail important, pour l\u2019Eucharistie, le pain consacr\u00e9 n\u2019est consid\u00e9r\u00e9 comme pr\u00e9sence r\u00e9elle que s\u2019il reste \u00ab\u00a0mangeable\u00a0\u00bb. <strong>Une hostie qui serait transform\u00e9e en morceau de c\u0153ur humain n\u2019est donc plus l\u2019eucharistie, c\u2019est autre chose. <\/strong>La pr\u00e9sence r\u00e9elle dans l\u2019Eucharistie r\u00e9unit donc mat\u00e9riel et spirituel. \u00ab\u00a0L&rsquo;homme ne vivra pas de pain seulement, mais de toute parole qui sort de la bouche de Dieu\u00a0\u00bb (Matt 4,4). Nous devons manger physiquement et nous sommes invit\u00e9s \u00e0 manger l\u2019\u00c9criture. <\/p>\n\n\n\n<p>Arr\u00eatons-nous \u00e9galement sur la formule \u00ab\u00a0Ceci est mon corps\u00a0\u00bb dite par J\u00e9sus lors de son dernier repas et reprise pendant la cons\u00e9cration du pain et du vin pendant l&rsquo;Eucharistie. En nous replongeant dans le repas de la passion, nous remarquons que \u00ab\u00a0ceci\u00a0\u00bb ne d\u00e9signe pas n&rsquo;importe quel pain ou vin. C&rsquo;est le pain de Pessah, la P\u00e2que juive. Lors de ce repas festif, toute la nourriture porte une charge symbolique. Le pain est sans levain, c\u2019est pour se souvenir qu\u2019au moment de la lib\u00e9ration d\u2019\u00c9gypte il n\u2019a pas eu le temps de lever. Le vin c&rsquo;est la promesse de Dieu et la joie. <strong>J\u00e9sus r\u00e9actualise ce passage de l\u2019esclavage \u00e0 la libert\u00e9. Il sera le sang vers\u00e9, t\u00e9moignage de la protection de Dieu pour son peuple. Il sera le passage de la vie \u00e0 la mort<\/strong>. Le corps et le sang, l&rsquo;incarnation, de J\u00e9sus est le chemin de la vie en abondance. <\/p>\n\n\n\n<p>Cette vision d\u00e9taill\u00e9e est essentielle pour approcher la pr\u00e9sence r\u00e9elle. J\u00e9sus devait se faire homme (physiquement) pour pouvoir se donner \u00e0 nous avec toute son humanit\u00e9 (au-del\u00e0 du physique). Sur la croix, c&rsquo;est jusqu&rsquo;\u00e0 son int\u00e9grit\u00e9 physique qui nous est livr\u00e9e. Ce corps (soma) donn\u00e9 est un \u00e9l\u00e9ment indispensable \u00e0 l&rsquo;incarnation. Il est \u00e9l\u00e9mentaire \u00e0 toute vie humaine. Dans l&rsquo;Eucharistie, Dieu se donne \u00e0 travers ce qu&rsquo;il y a de plus essentiel \u00e0 la vie humaine : du pain et un corps. Mais ce n&rsquo;est pas tout. J\u00e9sus emm\u00e8ne son corps au-del\u00e0 de ses finitudes. Dans la foi, le corps de J\u00e9sus devient autre qu&rsquo;une simple enveloppe physique, il est corps du Christ glorieux et aussi corps vivant de la communaut\u00e9. \u00ab\u00a0Vous \u00eates le corps (soma) du Christ, et vous \u00eates ses membres.\u00a0\u00bb L&rsquo;Eucharistie, c&rsquo;est le tr\u00e8s basique du pain qui nous conduit ultimement, gr\u00e2ce \u00e0 l&rsquo;\u00e9v\u00e8nement de P\u00e2ques, \u00e0 nous aussi nous donner en partage, \u00e0 communiquer l&rsquo;ivresse de la r\u00e9surrection. L&rsquo;Eucharistie n&rsquo;est pas un bout de \u00ab\u00a0viande de J\u00e9sus\u00a0\u00bb, c&rsquo;est le corps du Christ dans tout son myst\u00e8re. <\/p>\n\n\n\n<h2><strong>Conclusion<\/strong><\/h2>\n\n\n\n<p>Les miracles eucharistiques peuvent \u00eatre per\u00e7us comme des indices de la pr\u00e9sence r\u00e9elle. Cependant, une surinterpr\u00e9tation de ces miracles r\u00e9duit la pr\u00e9sence r\u00e9elle \u00e0 une r\u00e9alit\u00e9 physique. Elle risque alors de transformer l\u2019Eucharistie en un objet de v\u00e9n\u00e9ration mat\u00e9rielle, perdant ainsi sa dimension spirituelle. Nous avons&nbsp;pr\u00e9cis\u00e9 que spirituel et mat\u00e9riel ne sont pas des r\u00e9alit\u00e9s oppos\u00e9es et l\u2019Eucharistie est pr\u00e9cis\u00e9ment le lieu o\u00f9 ces deux dimensions se rencontrent et s\u2019unissent. La religiosit\u00e9 populaire autour des miracles eucharistiques reste un important t\u00e9moignage de foi mais ne doit pas conduire \u00e0 une forme de superstition o\u00f9 la foi repose sur des signes extraordinaires.<\/p>\n\n\n\n<p>La canonisation de Carlo Acutis rappelle l\u2019importance de la d\u00e9votion eucharistique dans la vie chr\u00e9tienne. Cependant, il est crucial de veiller \u00e0 une compr\u00e9hension correcte de la pr\u00e9sence r\u00e9elle pour \u00e9viter les malentendus th\u00e9ologiques. Les miracles eucharistiques ne doivent pas \u00eatre interpr\u00e9t\u00e9s comme des preuves tangibles de la pr\u00e9sence r\u00e9elle, mais comme des signes destin\u00e9s \u00e0 renforcer la foi. En fin de compte, la foi en la pr\u00e9sence r\u00e9elle repose sur la Parole de Dieu et la tradition eccl\u00e9siale. <strong>L&rsquo;Eucharistie nous donne \u00e0 \u00ab\u00a0go\u00fbter\u00a0\u00bb \u00e0 J\u00e9sus-Christ comme la P\u00e2que, le sacrement du fr\u00e8re ultime, la communion, la nourriture, la vie.<\/strong><\/p>\n\n\n\n<p class=\"has-text-align-right\"><em>Olivier Caignet<\/em><\/p>\n\n\n\n<figure class=\"wp-block-image\"><img alt=\"\" \/><\/figure>\n","protected":false},"excerpt":{"rendered":"<p>La canonisation de Carlo Acutis, un jeune Italien connu pour son attachement \u00e0 l\u2019Eucharistie et son engagement dans l\u2019\u00e9vang\u00e9lisation num\u00e9rique, est une bonne occasion de r\u00e9fl\u00e9chir \u00e0 la notion de pr\u00e9sence r\u00e9elle dans l\u2019Eucharistie. Cette doctrine, centrale dans la foi catholique, affirme que le pain et le vin consacr\u00e9s deviennent r\u00e9ellement le Corps et le &hellip; <\/p>\n<p class=\"link-more\"><a href=\"https:\/\/church4you.be\/namur-lux\/news\/miracle-eucharistique\/\" class=\"more-link\">Continue reading<span class=\"screen-reader-text\"> \u00ab\u00a0Miracle Eucharistique &amp; pr\u00e9sence r\u00e9elle\u00a0\u00bb<\/span><\/a><\/p>\n","protected":false},"author":8,"featured_media":11235,"template":"","tags":[],"news_category":[],"_links":{"self":[{"href":"https:\/\/church4you.be\/namur-lux\/wp-json\/wp\/v2\/news\/11234"}],"collection":[{"href":"https:\/\/church4you.be\/namur-lux\/wp-json\/wp\/v2\/news"}],"about":[{"href":"https:\/\/church4you.be\/namur-lux\/wp-json\/wp\/v2\/types\/news"}],"author":[{"embeddable":true,"href":"https:\/\/church4you.be\/namur-lux\/wp-json\/wp\/v2\/users\/8"}],"wp:featuredmedia":[{"embeddable":true,"href":"https:\/\/church4you.be\/namur-lux\/wp-json\/wp\/v2\/media\/11235"}],"wp:attachment":[{"href":"https:\/\/church4you.be\/namur-lux\/wp-json\/wp\/v2\/media?parent=11234"}],"wp:term":[{"taxonomy":"post_tag","embeddable":true,"href":"https:\/\/church4you.be\/namur-lux\/wp-json\/wp\/v2\/tags?post=11234"},{"taxonomy":"news_category","embeddable":true,"href":"https:\/\/church4you.be\/namur-lux\/wp-json\/wp\/v2\/news_category?post=11234"}],"curies":[{"name":"wp","href":"https:\/\/api.w.org\/{rel}","templated":true}]}}