{"id":7349,"date":"2020-09-30T09:07:50","date_gmt":"2020-09-30T07:07:50","guid":{"rendered":"https:\/\/church4you.be\/liege\/?post_type=news&#038;p=7349"},"modified":"2020-09-30T09:07:51","modified_gmt":"2020-09-30T07:07:51","slug":"reecoutez-les-emissions-generation-2-0-du-mois-de-septembre-2020","status":"publish","type":"news","link":"https:\/\/church4you.be\/liege\/news\/reecoutez-les-emissions-generation-2-0-du-mois-de-septembre-2020\/","title":{"rendered":"R\u00e9\u00e9coutez les \u00e9missions G\u00e9n\u00e9ration 2.0 du mois de septembre 2020"},"content":{"rendered":"\n<div class=\"wp-block-image\"><figure class=\"aligncenter size-large is-resized\"><img loading=\"lazy\" src=\"https:\/\/church4you.be\/liege\/wp-content\/uploads\/sites\/5\/2020\/05\/Gen20.png\" alt=\"Generation2.0\" class=\"wp-image-6282\" width=\"343\" height=\"197\" srcset=\"https:\/\/church4you.be\/liege\/wp-content\/uploads\/sites\/5\/2020\/05\/Gen20.png 457w, https:\/\/church4you.be\/liege\/wp-content\/uploads\/sites\/5\/2020\/05\/Gen20-250x144.png 250w, https:\/\/church4you.be\/liege\/wp-content\/uploads\/sites\/5\/2020\/05\/Gen20-75x43.png 75w\" sizes=\"(max-width: 343px) 100vw, 343px\" \/><\/figure><\/div>\n\n\n\n<ul id=\"block-8ee33b14-a437-400d-a0cf-19ac8314f8b9\"><li><a rel=\"noreferrer noopener\" href=\"https:\/\/rcf.fr\/actualite\/societe\/grace-et-sophie-font-l-interview-de-ange-emission-1\" target=\"_blank\">Emission du 29 septembre 2020 : Gr\u00e2ce et Sophie font l&rsquo;interview de Ange (\u00e9mission 1)<\/a><br>Gr\u00e2ce et Sophie reviennent cette semaine dans l&rsquo;\u00e9mission G\u00e9n\u00e9ration 2.0 pour faire l&rsquo;interview de Ange, Soeur dans la communaut\u00e9 Famille Marie-Jeunesse au Qu\u00e9bec.<\/li><li><a rel=\"noreferrer noopener\" href=\"https:\/\/rcf.fr\/actualite\/societe\/grace-et-sophie-nous-parlent-de-la-marche-jai-jagat\" target=\"_blank\">Emission du 22 septembre 2020 : Gr\u00e2ce et Sophie nous parlent de la marche Jai Jagat.<\/a><br>Gr\u00e2ce et Sophie t\u00e9moignent de leur marche Jai Jagat du 23 au 28 ao\u00fbt 2020 entre Wellin et Avioth : une occasion de r\u00e9fl\u00e9chir, d&rsquo;exp\u00e9rimenter et d\u2019int\u00e9rioriser l\u2019\u00e9cologie int\u00e9grale !<\/li><li><a rel=\"noreferrer noopener\" href=\"https:\/\/rcf.fr\/actualite\/societe\/de-sainte-bernadette-don-bosco\" target=\"_blank\">Emission du 15 septembre 2020 : De Sainte Bernadette \u00e0 Don Bosco<\/a><br>N\u2019ayant pas eu la possibilit\u00e9 de se rendre \u00e0 Lourdes en raison de la pand\u00e9mie, Ad\u00e8le, Arthur, Aurora, Clothilde, \u00c9milie A., \u00c9milie B. , Jean-Baptiste, Louis, Louis-Valentin, Manon, Matthieu, Nathan et Nolan ont choisi de vivre une retraite \u201cde la Pasto\u201d \u00e0 l\u2019abbaye de Brialmont, sur les pas de Don Bosco et de Dominique Savio.<\/li><li><a rel=\"noreferrer noopener\" href=\"https:\/\/rcf.fr\/actualite\/societe\/rosine-et-luc-en-route-vers-le-mariage\" target=\"_blank\">Emission du 8 septembre 2020 : Rosine et Luc, en route vers le mariage !<\/a><br>Rosine et Luc t\u00e9moignent de leur cheminement de fianc\u00e9s et \u00e9voquent leur pr\u00e9paration au mariage avec le parcours \u00ab\u00a0Cana\u00a0\u00bb de la Communaut\u00e9 du Chemin Neuf.<\/li><li><a rel=\"noreferrer noopener\" href=\"https:\/\/rcf.fr\/actualite\/societe\/qui-dit-que-les-jeunes-n-avaient-plus-la-foi\" target=\"_blank\">Emission du 1er septembre 2020 : Qui a dit que les jeunes n&rsquo;avaient plus la Foi ?<\/a><br>Lors d\u2019un camp scout, Martin, un des intendants, nous parle de sa rencontre avec saint Ignace de Loyola.<\/li><\/ul>\n","protected":false},"excerpt":{"rendered":"<p>R\u00e9\u00e9coutez les \u00e9missions G\u00e9n\u00e9ration2.0 du mois de septembre 2020 sur le site de RCF Li\u00e8ge.<\/p>\n","protected":false},"author":7,"featured_media":6282,"template":"","tags":[2195],"news_category":[2248],"_links":{"self":[{"href":"https:\/\/church4you.be\/liege\/wp-json\/wp\/v2\/news\/7349"}],"collection":[{"href":"https:\/\/church4you.be\/liege\/wp-json\/wp\/v2\/news"}],"about":[{"href":"https:\/\/church4you.be\/liege\/wp-json\/wp\/v2\/types\/news"}],"author":[{"embeddable":true,"href":"https:\/\/church4you.be\/liege\/wp-json\/wp\/v2\/users\/7"}],"wp:featuredmedia":[{"embeddable":true,"href":"https:\/\/church4you.be\/liege\/wp-json\/wp\/v2\/media\/6282"}],"wp:attachment":[{"href":"https:\/\/church4you.be\/liege\/wp-json\/wp\/v2\/media?parent=7349"}],"wp:term":[{"taxonomy":"post_tag","embeddable":true,"href":"https:\/\/church4you.be\/liege\/wp-json\/wp\/v2\/tags?post=7349"},{"taxonomy":"news_category","embeddable":true,"href":"https:\/\/church4you.be\/liege\/wp-json\/wp\/v2\/news_category?post=7349"}],"curies":[{"name":"wp","href":"https:\/\/api.w.org\/{rel}","templated":true}]}}