{"id":6501,"date":"2020-08-29T15:32:57","date_gmt":"2020-08-29T13:32:57","guid":{"rendered":"https:\/\/church4you.be\/liege\/?post_type=news&#038;p=6501"},"modified":"2020-08-29T15:42:05","modified_gmt":"2020-08-29T13:42:05","slug":"emissions-generation-2-0-ete-2020","status":"publish","type":"news","link":"https:\/\/church4you.be\/liege\/news\/emissions-generation-2-0-ete-2020\/","title":{"rendered":"Emissions #G\u00e9n\u00e9ration 2.0 &#8211; \u00e9t\u00e9 2020"},"content":{"rendered":"\n<figure class=\"wp-block-image size-large\"><img loading=\"lazy\" width=\"457\" height=\"263\" src=\"https:\/\/church4you.be\/liege\/wp-content\/uploads\/sites\/5\/2020\/05\/Gen20.png\" alt=\"\" class=\"wp-image-6282\" srcset=\"https:\/\/church4you.be\/liege\/wp-content\/uploads\/sites\/5\/2020\/05\/Gen20.png 457w, https:\/\/church4you.be\/liege\/wp-content\/uploads\/sites\/5\/2020\/05\/Gen20-250x144.png 250w, https:\/\/church4you.be\/liege\/wp-content\/uploads\/sites\/5\/2020\/05\/Gen20-75x43.png 75w\" sizes=\"(max-width: 457px) 100vw, 457px\" \/><\/figure>\n\n\n\n<p>Pas de cong\u00e9 estival pour les \u00e9missions G\u00e9n\u00e9ration 2.0 ! Diffus\u00e9es chaque mardi \u00e0 16:30 sur RCF Li\u00e8ge (et rediffus\u00e9es le samedi suivant \u00e0 la m\u00eame heure), il n&rsquo;y a pas eu d&rsquo;exception \u00e0 cette r\u00e8gle pendant les mois d&rsquo;\u00e9t\u00e9 : une nouvelle \u00e9mission a \u00e9t\u00e9 propos\u00e9e chaque semaine ! Vous pouvez retrouver chacune des ces \u00e9missions en cliquant sur les liens ci-dessous :<\/p>\n\n\n\n<ul><li><a rel=\"noreferrer noopener\" href=\"https:\/\/church4you.be\/liege\/news\/generation-2-0-pelerinage-virtuel-a-lourdes\/\" target=\"_blank\">P\u00e8lerinage virtuel \u00e0 Lourdes<\/a><\/li><li><a rel=\"noreferrer noopener\" href=\"https:\/\/church4you.be\/liege\/news\/generation-2-0-cinq-demoiselles-sur-les-chemins-de-compostelle\/\" target=\"_blank\">Cinq Demoiselles sur les Chemins de Compostelle<\/a><\/li><li><a rel=\"noreferrer noopener\" href=\"https:\/\/church4you.be\/liege\/news\/generation-2-0-a-la-decouverte-des-camps-bulle-dair\/\" target=\"_blank\">A la d\u00e9couverte des Camps Bulle d&rsquo;Air<\/a><\/li><li><a rel=\"noreferrer noopener\" href=\"https:\/\/church4you.be\/liege\/news\/generation-2-0-scouts-toujours-motives\/\" target=\"_blank\">Scouts toujours&#8230; motiv\u00e9s !<\/a><\/li><li><a rel=\"noreferrer noopener\" href=\"https:\/\/church4you.be\/liege\/news\/generation-2-0-immersion-dans-un-camp-guide\/\" target=\"_blank\">Immersion dans un camp guide<\/a><\/li><li><a rel=\"noreferrer noopener\" href=\"https:\/\/church4you.be\/liege\/news\/generation-2-0-les-chercheurs-de-dieu\/\" target=\"_blank\">Les Chercheurs de Dieu<\/a><\/li><li><a rel=\"noreferrer noopener\" href=\"https:\/\/church4you.be\/liege\/news\/generation-2-0-romain-au-service-de-la-pastorale-des-personnes-handicapees-2eme-emission\/\" target=\"_blank\">Romain, au Service de la Pastorale des Personnes Handicap\u00e9es &#8211; 2<\/a><\/li><li><a rel=\"noreferrer noopener\" href=\"https:\/\/church4you.be\/liege\/news\/generation-2-0-romain-au-service-de-la-pastorale-des-personnes-handicapees\/\" target=\"_blank\">Romain, au Service de la Pastorale des Personnes Handicap\u00e9es &#8211; 1<\/a><\/li><\/ul>\n","protected":false},"excerpt":{"rendered":"<p>Pas de cong\u00e9 estival pour les \u00e9missions G\u00e9n\u00e9ration 2.0 ! Diffus\u00e9es chaque mardi \u00e0 16:30 sur RCF Li\u00e8ge (et rediffus\u00e9es le samedi suivant \u00e0 la m\u00eame heure), il n&rsquo;y a pas eu d&rsquo;exception \u00e0 cette r\u00e8gle pendant les mois d&rsquo;\u00e9t\u00e9 : une nouvelle \u00e9mission a \u00e9t\u00e9 propos\u00e9e chaque semaine ! Vous pouvez retrouver chacune des &hellip; <\/p>\n<p class=\"link-more\"><a href=\"https:\/\/church4you.be\/liege\/news\/emissions-generation-2-0-ete-2020\/\" class=\"more-link\">Continue reading<span class=\"screen-reader-text\"> \u00ab\u00a0Emissions #G\u00e9n\u00e9ration 2.0 &#8211; \u00e9t\u00e9 2020\u00a0\u00bb<\/span><\/a><\/p>\n","protected":false},"author":7,"featured_media":6282,"template":"","tags":[2195],"news_category":[2248],"_links":{"self":[{"href":"https:\/\/church4you.be\/liege\/wp-json\/wp\/v2\/news\/6501"}],"collection":[{"href":"https:\/\/church4you.be\/liege\/wp-json\/wp\/v2\/news"}],"about":[{"href":"https:\/\/church4you.be\/liege\/wp-json\/wp\/v2\/types\/news"}],"author":[{"embeddable":true,"href":"https:\/\/church4you.be\/liege\/wp-json\/wp\/v2\/users\/7"}],"wp:featuredmedia":[{"embeddable":true,"href":"https:\/\/church4you.be\/liege\/wp-json\/wp\/v2\/media\/6282"}],"wp:attachment":[{"href":"https:\/\/church4you.be\/liege\/wp-json\/wp\/v2\/media?parent=6501"}],"wp:term":[{"taxonomy":"post_tag","embeddable":true,"href":"https:\/\/church4you.be\/liege\/wp-json\/wp\/v2\/tags?post=6501"},{"taxonomy":"news_category","embeddable":true,"href":"https:\/\/church4you.be\/liege\/wp-json\/wp\/v2\/news_category?post=6501"}],"curies":[{"name":"wp","href":"https:\/\/api.w.org\/{rel}","templated":true}]}}