{"id":6297,"date":"2020-04-07T17:00:32","date_gmt":"2020-04-07T15:00:32","guid":{"rendered":"https:\/\/church4you.be\/liege\/?post_type=news&#038;p=6297"},"modified":"2020-06-19T14:44:29","modified_gmt":"2020-06-19T12:44:29","slug":"generation-2-0-des-jours-saints-aussi-pour-les-jeunes","status":"publish","type":"news","link":"https:\/\/church4you.be\/liege\/news\/generation-2-0-des-jours-saints-aussi-pour-les-jeunes\/","title":{"rendered":"G\u00e9n\u00e9ration 2.0 &#8211; Des jours saints\u2026 aussi pour les jeunes !"},"content":{"rendered":"\n<p>A (r\u00e9)\u00e9couter sur le site de RCF Li\u00e8ge d\u00e8s que le podcast sera en ligne !<\/p>\n","protected":false},"excerpt":{"rendered":"<p>A (r\u00e9)\u00e9couter sur le site de RCF Li\u00e8ge d\u00e8s que le podcast sera en ligne !<\/p>\n","protected":false},"author":7,"featured_media":6282,"template":"","tags":[2195],"news_category":[],"_links":{"self":[{"href":"https:\/\/church4you.be\/liege\/wp-json\/wp\/v2\/news\/6297"}],"collection":[{"href":"https:\/\/church4you.be\/liege\/wp-json\/wp\/v2\/news"}],"about":[{"href":"https:\/\/church4you.be\/liege\/wp-json\/wp\/v2\/types\/news"}],"author":[{"embeddable":true,"href":"https:\/\/church4you.be\/liege\/wp-json\/wp\/v2\/users\/7"}],"wp:featuredmedia":[{"embeddable":true,"href":"https:\/\/church4you.be\/liege\/wp-json\/wp\/v2\/media\/6282"}],"wp:attachment":[{"href":"https:\/\/church4you.be\/liege\/wp-json\/wp\/v2\/media?parent=6297"}],"wp:term":[{"taxonomy":"post_tag","embeddable":true,"href":"https:\/\/church4you.be\/liege\/wp-json\/wp\/v2\/tags?post=6297"},{"taxonomy":"news_category","embeddable":true,"href":"https:\/\/church4you.be\/liege\/wp-json\/wp\/v2\/news_category?post=6297"}],"curies":[{"name":"wp","href":"https:\/\/api.w.org\/{rel}","templated":true}]}}