{"id":6292,"date":"2020-06-02T17:00:00","date_gmt":"2020-06-02T15:00:00","guid":{"rendered":"https:\/\/church4you.be\/liege\/?post_type=news&#038;p=6292"},"modified":"2020-06-19T14:29:41","modified_gmt":"2020-06-19T12:29:41","slug":"generation-2-0-emission-speciale-pentecote","status":"publish","type":"news","link":"https:\/\/church4you.be\/liege\/news\/generation-2-0-emission-speciale-pentecote\/","title":{"rendered":"G\u00e9n\u00e9ration 2.0 &#8211; Emission sp\u00e9ciale Pentec\u00f4te"},"content":{"rendered":"\n<p>De Tib\u00e9riade \u00e0 la Pop Louange, l&rsquo;Esprit Saint inspire les musiciens !<\/p>\n\n\n\n<p>A (r\u00e9)\u00e9couter sur le site de RCF Li\u00e8ge d\u00e8s que le podcast sera en ligne.<\/p>\n","protected":false},"excerpt":{"rendered":"<p>De Tib\u00e9riade \u00e0 la Pop Louange, l&rsquo;Esprit Saint inspire les musiciens ! A (r\u00e9)\u00e9couter sur le site de RCF Li\u00e8ge d\u00e8s que le podcast sera en ligne.<\/p>\n","protected":false},"author":7,"featured_media":6282,"template":"","tags":[2195],"news_category":[],"_links":{"self":[{"href":"https:\/\/church4you.be\/liege\/wp-json\/wp\/v2\/news\/6292"}],"collection":[{"href":"https:\/\/church4you.be\/liege\/wp-json\/wp\/v2\/news"}],"about":[{"href":"https:\/\/church4you.be\/liege\/wp-json\/wp\/v2\/types\/news"}],"author":[{"embeddable":true,"href":"https:\/\/church4you.be\/liege\/wp-json\/wp\/v2\/users\/7"}],"wp:featuredmedia":[{"embeddable":true,"href":"https:\/\/church4you.be\/liege\/wp-json\/wp\/v2\/media\/6282"}],"wp:attachment":[{"href":"https:\/\/church4you.be\/liege\/wp-json\/wp\/v2\/media?parent=6292"}],"wp:term":[{"taxonomy":"post_tag","embeddable":true,"href":"https:\/\/church4you.be\/liege\/wp-json\/wp\/v2\/tags?post=6292"},{"taxonomy":"news_category","embeddable":true,"href":"https:\/\/church4you.be\/liege\/wp-json\/wp\/v2\/news_category?post=6292"}],"curies":[{"name":"wp","href":"https:\/\/api.w.org\/{rel}","templated":true}]}}