{"id":6291,"date":"2020-06-09T17:00:12","date_gmt":"2020-06-09T15:00:12","guid":{"rendered":"https:\/\/church4you.be\/liege\/?post_type=news&#038;p=6291"},"modified":"2020-06-19T14:26:10","modified_gmt":"2020-06-19T12:26:10","slug":"generation-2-0-focus-sur-nos-papas","status":"publish","type":"news","link":"https:\/\/church4you.be\/liege\/news\/generation-2-0-focus-sur-nos-papas\/","title":{"rendered":"G\u00e9n\u00e9ration 2.0 &#8211; Focus sur nos papas"},"content":{"rendered":"\n<p>D\u00e9j\u00e0 une bonne f\u00eate \u00e0 ceux sans qui nous ne serions pas l\u00e0&nbsp;!<\/p>\n\n\n\n<p>A (r\u00e9)\u00e9couter sur le site de RCF Li\u00e8ge d\u00e8s que le podcast sera en ligne.<\/p>\n","protected":false},"excerpt":{"rendered":"<p>D\u00e9j\u00e0 une bonne f\u00eate \u00e0 ceux sans qui nous ne serions pas l\u00e0&nbsp;! A (r\u00e9)\u00e9couter sur le site de RCF Li\u00e8ge d\u00e8s que le podcast sera en ligne.<\/p>\n","protected":false},"author":7,"featured_media":6282,"template":"","tags":[2195],"news_category":[],"_links":{"self":[{"href":"https:\/\/church4you.be\/liege\/wp-json\/wp\/v2\/news\/6291"}],"collection":[{"href":"https:\/\/church4you.be\/liege\/wp-json\/wp\/v2\/news"}],"about":[{"href":"https:\/\/church4you.be\/liege\/wp-json\/wp\/v2\/types\/news"}],"author":[{"embeddable":true,"href":"https:\/\/church4you.be\/liege\/wp-json\/wp\/v2\/users\/7"}],"wp:featuredmedia":[{"embeddable":true,"href":"https:\/\/church4you.be\/liege\/wp-json\/wp\/v2\/media\/6282"}],"wp:attachment":[{"href":"https:\/\/church4you.be\/liege\/wp-json\/wp\/v2\/media?parent=6291"}],"wp:term":[{"taxonomy":"post_tag","embeddable":true,"href":"https:\/\/church4you.be\/liege\/wp-json\/wp\/v2\/tags?post=6291"},{"taxonomy":"news_category","embeddable":true,"href":"https:\/\/church4you.be\/liege\/wp-json\/wp\/v2\/news_category?post=6291"}],"curies":[{"name":"wp","href":"https:\/\/api.w.org\/{rel}","templated":true}]}}