{"id":6286,"date":"2020-03-24T17:00:00","date_gmt":"2020-03-24T16:00:00","guid":{"rendered":"https:\/\/church4you.be\/liege\/?post_type=news&#038;p=6286"},"modified":"2020-06-19T10:52:18","modified_gmt":"2020-06-19T08:52:18","slug":"generation-2-0-comment-vivent-les-jeunes-au-congo","status":"publish","type":"news","link":"https:\/\/church4you.be\/liege\/news\/generation-2-0-comment-vivent-les-jeunes-au-congo\/","title":{"rendered":"G\u00e9n\u00e9ration 2.0 &#8211; Comment vivent les jeunes au Congo ?"},"content":{"rendered":"\n<p>Isabelle Jemine-Raze, secr\u00e9taire de l\u2019association Luebo-sur-Ourthe, est revenue r\u00e9cemment de ce fabuleux pays qu\u2019est le Congo. Elle nous le fait (re-)d\u00e9couvrir.<\/p>\n\n\n\n<p>A (r\u00e9)\u00e9couter sur le site de RCF Li\u00e8ge en cliquant <a href=\"https:\/\/rcf.fr\/actualite\/societe\/comment-vivent-les-jeunes-au-congo\" target=\"_blank\" rel=\"noreferrer noopener\">ici<\/a> !<\/p>\n","protected":false},"excerpt":{"rendered":"<p>Isabelle Jemine-Raze, secr\u00e9taire de l\u2019association Luebo-sur-Ourthe, est revenue r\u00e9cemment de ce fabuleux pays qu\u2019est le Congo. Elle nous le fait (re-)d\u00e9couvrir. A (r\u00e9)\u00e9couter sur le site de RCF Li\u00e8ge en cliquant ici !<\/p>\n","protected":false},"author":7,"featured_media":6282,"template":"","tags":[2195],"news_category":[],"_links":{"self":[{"href":"https:\/\/church4you.be\/liege\/wp-json\/wp\/v2\/news\/6286"}],"collection":[{"href":"https:\/\/church4you.be\/liege\/wp-json\/wp\/v2\/news"}],"about":[{"href":"https:\/\/church4you.be\/liege\/wp-json\/wp\/v2\/types\/news"}],"author":[{"embeddable":true,"href":"https:\/\/church4you.be\/liege\/wp-json\/wp\/v2\/users\/7"}],"wp:featuredmedia":[{"embeddable":true,"href":"https:\/\/church4you.be\/liege\/wp-json\/wp\/v2\/media\/6282"}],"wp:attachment":[{"href":"https:\/\/church4you.be\/liege\/wp-json\/wp\/v2\/media?parent=6286"}],"wp:term":[{"taxonomy":"post_tag","embeddable":true,"href":"https:\/\/church4you.be\/liege\/wp-json\/wp\/v2\/tags?post=6286"},{"taxonomy":"news_category","embeddable":true,"href":"https:\/\/church4you.be\/liege\/wp-json\/wp\/v2\/news_category?post=6286"}],"curies":[{"name":"wp","href":"https:\/\/api.w.org\/{rel}","templated":true}]}}