{"id":6283,"date":"2020-05-19T17:00:25","date_gmt":"2020-05-19T15:00:25","guid":{"rendered":"https:\/\/church4you.be\/liege\/?post_type=news&#038;p=6283"},"modified":"2020-06-19T10:56:12","modified_gmt":"2020-06-19T08:56:12","slug":"generation-2-0-la-fraternite-de-tiberiade-en-mission-a-liege-opus-2","status":"publish","type":"news","link":"https:\/\/church4you.be\/liege\/news\/generation-2-0-la-fraternite-de-tiberiade-en-mission-a-liege-opus-2\/","title":{"rendered":"G\u00e9n\u00e9ration 2.0 &#8211; La Fraternit\u00e9 de Tib\u00e9riade en mission \u00e0 Li\u00e8ge, opus 2"},"content":{"rendered":"\n<p>Fr\u00e8re Pascal, Jean-Michel et Mathieu nous parlent de mission(s) et de vocation(s), sans oublier d&rsquo;\u00e9voquer les c\u00e9l\u00e8bres \u00e2nes de Tib\u00e9riade. Une \u00e9mission en-mission !<\/p>\n\n\n\n<p>A (r\u00e9)\u00e9couter sur le site de RCF Li\u00e8ge en cliquant <a href=\"https:\/\/rcf.fr\/actualite\/societe\/la-fraternite-de-tiberiade-en-mission-liege-opus-2\" target=\"_blank\" rel=\"noreferrer noopener\">ici<\/a> !<\/p>\n","protected":false},"excerpt":{"rendered":"<p>Fr\u00e8re Pascal, Jean-Michel et Mathieu nous parlent de mission(s) et de vocation(s), sans oublier d&rsquo;\u00e9voquer les c\u00e9l\u00e8bres \u00e2nes de Tib\u00e9riade. Une \u00e9mission en-mission ! A (r\u00e9)\u00e9couter sur le site de RCF Li\u00e8ge en cliquant ici !<\/p>\n","protected":false},"author":7,"featured_media":6282,"template":"","tags":[2195,1978],"news_category":[],"_links":{"self":[{"href":"https:\/\/church4you.be\/liege\/wp-json\/wp\/v2\/news\/6283"}],"collection":[{"href":"https:\/\/church4you.be\/liege\/wp-json\/wp\/v2\/news"}],"about":[{"href":"https:\/\/church4you.be\/liege\/wp-json\/wp\/v2\/types\/news"}],"author":[{"embeddable":true,"href":"https:\/\/church4you.be\/liege\/wp-json\/wp\/v2\/users\/7"}],"wp:featuredmedia":[{"embeddable":true,"href":"https:\/\/church4you.be\/liege\/wp-json\/wp\/v2\/media\/6282"}],"wp:attachment":[{"href":"https:\/\/church4you.be\/liege\/wp-json\/wp\/v2\/media?parent=6283"}],"wp:term":[{"taxonomy":"post_tag","embeddable":true,"href":"https:\/\/church4you.be\/liege\/wp-json\/wp\/v2\/tags?post=6283"},{"taxonomy":"news_category","embeddable":true,"href":"https:\/\/church4you.be\/liege\/wp-json\/wp\/v2\/news_category?post=6283"}],"curies":[{"name":"wp","href":"https:\/\/api.w.org\/{rel}","templated":true}]}}