{"id":6279,"date":"2020-06-16T17:00:16","date_gmt":"2020-06-16T15:00:16","guid":{"rendered":"https:\/\/church4you.be\/liege\/?post_type=news&#038;p=6279"},"modified":"2020-06-19T10:37:53","modified_gmt":"2020-06-19T08:37:53","slug":"generation-2-0-fete-dieu-et-night-fever-2020","status":"publish","type":"news","link":"https:\/\/church4you.be\/liege\/news\/generation-2-0-fete-dieu-et-night-fever-2020\/","title":{"rendered":"G\u00e9n\u00e9ration 2.0 &#8211; F\u00eate-Dieu et Night Fever \u00e0 Li\u00e8ge"},"content":{"rendered":"\n<figure class=\"wp-block-image size-large\"><img loading=\"lazy\" width=\"1200\" height=\"900\" src=\"https:\/\/church4you.be\/liege\/wp-content\/uploads\/sites\/5\/2020\/06\/104169046_3138105212899654_4097758349606697496_o.jpg\" alt=\"\" class=\"wp-image-6280\" srcset=\"https:\/\/church4you.be\/liege\/wp-content\/uploads\/sites\/5\/2020\/06\/104169046_3138105212899654_4097758349606697496_o.jpg 1200w, https:\/\/church4you.be\/liege\/wp-content\/uploads\/sites\/5\/2020\/06\/104169046_3138105212899654_4097758349606697496_o-580x435.jpg 580w, https:\/\/church4you.be\/liege\/wp-content\/uploads\/sites\/5\/2020\/06\/104169046_3138105212899654_4097758349606697496_o-250x188.jpg 250w, https:\/\/church4you.be\/liege\/wp-content\/uploads\/sites\/5\/2020\/06\/104169046_3138105212899654_4097758349606697496_o-768x576.jpg 768w, https:\/\/church4you.be\/liege\/wp-content\/uploads\/sites\/5\/2020\/06\/104169046_3138105212899654_4097758349606697496_o-75x56.jpg 75w\" sizes=\"(max-width: 1200px) 100vw, 1200px\" \/><\/figure>\n\n\n\n<p>Dans cette \u00e9mission G\u00e9n\u00e9ration 2.0 du 16 juin 2020, on \u00e9voque la derni\u00e8re Night Fever de l&rsquo;ann\u00e9e 2019-20 qui a eu lieu lors de la F\u00eate Dieu, premi\u00e8re grande solennit\u00e9&nbsp;\u00e0 Li\u00e8ge depuis la fin du confinement. Une occasion unique d&rsquo;innover avec la retransmission live-comment\u00e9e par C\u00e9line et Thomas !<\/p>\n\n\n\n<p>A (r\u00e9)\u00e9couter sur le site de RCF Li\u00e8ge en cliquant <a href=\"https:\/\/rcf.fr\/actualite\/societe\/fete-dieu-et-night-fever-2020\" target=\"_blank\" rel=\"noreferrer noopener\">ici<\/a>.<\/p>\n\n\n\n<p><\/p>\n","protected":false},"excerpt":{"rendered":"<p>La premi\u00e8re Night Fever retransmise en live !<\/p>\n","protected":false},"author":7,"featured_media":6282,"template":"","tags":[2195,2197],"news_category":[],"_links":{"self":[{"href":"https:\/\/church4you.be\/liege\/wp-json\/wp\/v2\/news\/6279"}],"collection":[{"href":"https:\/\/church4you.be\/liege\/wp-json\/wp\/v2\/news"}],"about":[{"href":"https:\/\/church4you.be\/liege\/wp-json\/wp\/v2\/types\/news"}],"author":[{"embeddable":true,"href":"https:\/\/church4you.be\/liege\/wp-json\/wp\/v2\/users\/7"}],"wp:featuredmedia":[{"embeddable":true,"href":"https:\/\/church4you.be\/liege\/wp-json\/wp\/v2\/media\/6282"}],"wp:attachment":[{"href":"https:\/\/church4you.be\/liege\/wp-json\/wp\/v2\/media?parent=6279"}],"wp:term":[{"taxonomy":"post_tag","embeddable":true,"href":"https:\/\/church4you.be\/liege\/wp-json\/wp\/v2\/tags?post=6279"},{"taxonomy":"news_category","embeddable":true,"href":"https:\/\/church4you.be\/liege\/wp-json\/wp\/v2\/news_category?post=6279"}],"curies":[{"name":"wp","href":"https:\/\/api.w.org\/{rel}","templated":true}]}}