{"id":12486,"date":"2023-06-30T12:06:46","date_gmt":"2023-06-30T10:06:46","guid":{"rendered":"https:\/\/church4you.be\/liege\/?post_type=news&#038;p=12486"},"modified":"2023-06-30T12:06:47","modified_gmt":"2023-06-30T10:06:47","slug":"le-sdj-recrute","status":"publish","type":"news","link":"https:\/\/church4you.be\/liege\/news\/le-sdj-recrute\/","title":{"rendered":"Le SDJ recrute !"},"content":{"rendered":"\n<p style=\"text-align: center\">\u00a0<\/p>\n<table style=\"border-collapse: collapse;width: 100%\">\n<tbody>\n<tr>\n<td style=\"width: 100%;border-style: solid;text-align: center\">\n<h3><strong><span style=\"color: #ff0000\">SERVICE DIOC\u00c9SAIN DES JEUNES \u2014 APPEL \u00c0 CANDIDATURE<\/span><\/strong><\/h3>\n<h3><strong><span style=\"color: #ff0000\">EN VUE DE POURVOIR \u00c0 UN POSTE D\u2019ANIMATEUR PASTORAL<\/span><\/strong><\/h3>\n<\/td>\n<\/tr>\n<\/tbody>\n<\/table>\n<p><br \/>Le Service Dioc\u00e9sain des Jeunes de Li\u00e8ge (S.D.J.) recrute un(e) animateur(-trice) pastoral(e) pour l\u2019accompagnement de jeunes et de leurs animateurs dans le cadre des activit\u00e9s organis\u00e9e par le Dioc\u00e8se de Li\u00e8ge.<\/p>\n<p style=\"text-align: center\"><span style=\"color: #333399\"><strong><span style=\"text-decoration: underline\">Missions<\/span><\/strong><\/span><\/p>\n<p style=\"text-align: justify\"><span style=\"color: #333399\">Cette personne (H\/F) sera entour\u00e9e de coll\u00e8gues et de b\u00e9n\u00e9voles pour concr\u00e9tiser diff\u00e9rents projets en \u00c9glise : retraites scolaires, animations diverses dans des \u00e9coles secondaires, en paroisses et aupr\u00e8s de mouvements de jeunesse, rassemblements dioc\u00e9sains de jeunes, p\u00e8lerinages \u00e0 Taiz\u00e9, Lourdes, Assise (notamment), Journ\u00e9es Mondiales de la Jeunesse (JMJ), implication dans certaines activit\u00e9s du Mouvement Eucharistique des Jeunes (MEJ), enregistrement d\u2019\u00e9missions radio pour RCF, animation de soir\u00e9es de pri\u00e8re et de r\u00e9flexion\u2026 La personne sera charg\u00e9e de publications \u00e0 destination de la newsletter, des r\u00e9seaux sociaux et du site internet.<\/span><\/p>\n<p style=\"text-align: center\"><br \/><span style=\"color: #333399\"><strong><span style=\"text-decoration: underline\">Comp\u00e9tences souhait\u00e9es<\/span><\/strong><\/span><\/p>\n<p style=\"text-align: justify\"><span style=\"color: #333399\">Cette personne poss\u00e8de une formation de base en th\u00e9ologie et en pastorale ou a la volont\u00e9 de l\u2019acqu\u00e9rir. Elle vit une foi engag\u00e9e en \u00c9glise avec si possible une exp\u00e9rience pastorale \u00e0 destination des jeunes. <\/span><\/p>\n<p style=\"text-align: justify\"><span style=\"color: #333399\">Elle a la capacit\u00e9 d\u2019\u00e9couter, d\u2019animer, de nouer des liens et de f\u00e9d\u00e9rer un groupe. Avec un esprit cr\u00e9atif, elle d\u00e9veloppera de nouvelles actions et acceptera diverses responsabilit\u00e9s. Elle sera autonome en mati\u00e8re de tenue de rapports, travaux informatiques de bureau, comptabilit\u00e9 simple et aura une bonne ma\u00eetrise de la langue fran\u00e7aise (\u00e9crite et orale). Elle apportera un appui \u00e0 l\u2019\u00e9quipe d\u2019animation. Une flexibilit\u00e9 horaire (activit\u00e9s en soir\u00e9e ou le week-end) est demand\u00e9e.<\/span><\/p>\n<p style=\"text-align: justify\"><span style=\"color: #333399\">Poss\u00e9der une voiture et un permis de conduire B est un atout, de m\u00eame que la connaissance de l\u2019anglais, de l\u2019allemand ou du n\u00e9erlandais. Des capacit\u00e9s de d\u00e9veloppement en application web seront appr\u00e9ci\u00e9es ainsi que la pratique du chant ou d\u2019un instrument de musique.<\/span><\/p>\n<p style=\"text-align: center\"><br \/><span style=\"text-decoration: underline;color: #333399\"><strong>Offre<\/strong><\/span><\/p>\n<p style=\"text-align: justify\"><span style=\"color: #333399\">Temps plein. Possibilit\u00e9 d\u2019un certain travail \u00e0 distance. Traitement de ministre du culte. <\/span><span style=\"color: #333399\">Remboursement des frais de d\u00e9placement. Bureau situ\u00e9 rue des Pr\u00e9montr\u00e9s, 40 \u00e0 Li\u00e8ge.<\/span><\/p>\n<p style=\"text-align: center\"><br \/><strong><span style=\"text-decoration: underline\"><span style=\"color: #333399;text-decoration: underline\">Candidature<\/span><\/span><\/strong><\/p>\n<p style=\"text-align: justify\"><span style=\"color: #333399\">Si vous souhaitez <strong>postuler<\/strong>, merci de faire parvenir votre curriculum vitae et votre lettre <\/span><span style=\"color: #333399\">de motivation uniquement <strong>par courriel<\/strong> \u00e0 l\u2019adresse <a href=\"mailto:vincent.jemine@sdjliege.be\">vincent.jemine@sdjliege.be<\/a> pour le <strong>15 <\/strong><\/span><span style=\"color: #333399\"><strong>ao\u00fbt 2023<\/strong>. Site de notre service : <a href=\"http:\/\/www.sdjliege.be\">www.sdjliege.be\u00a0<\/a><\/span>.<\/p>\n\n\n\n<div class=\"wp-block-file\"><a href=\"https:\/\/church4you.be\/liege\/wp-content\/uploads\/sites\/5\/2023\/06\/2023.06.15-Appel-a-candidature.pdf\">2023.06.15-Appel-a-candidature<\/a><a href=\"https:\/\/church4you.be\/liege\/wp-content\/uploads\/sites\/5\/2023\/06\/2023.06.15-Appel-a-candidature.pdf\" class=\"wp-block-file__button\" download>T\u00e9l\u00e9charger<\/a><\/div>\n","protected":false},"excerpt":{"rendered":"<p>Le SDJ recrute !<\/p>\n","protected":false},"author":7,"featured_media":6312,"template":"","tags":[1705],"news_category":[],"_links":{"self":[{"href":"https:\/\/church4you.be\/liege\/wp-json\/wp\/v2\/news\/12486"}],"collection":[{"href":"https:\/\/church4you.be\/liege\/wp-json\/wp\/v2\/news"}],"about":[{"href":"https:\/\/church4you.be\/liege\/wp-json\/wp\/v2\/types\/news"}],"author":[{"embeddable":true,"href":"https:\/\/church4you.be\/liege\/wp-json\/wp\/v2\/users\/7"}],"wp:featuredmedia":[{"embeddable":true,"href":"https:\/\/church4you.be\/liege\/wp-json\/wp\/v2\/media\/6312"}],"wp:attachment":[{"href":"https:\/\/church4you.be\/liege\/wp-json\/wp\/v2\/media?parent=12486"}],"wp:term":[{"taxonomy":"post_tag","embeddable":true,"href":"https:\/\/church4you.be\/liege\/wp-json\/wp\/v2\/tags?post=12486"},{"taxonomy":"news_category","embeddable":true,"href":"https:\/\/church4you.be\/liege\/wp-json\/wp\/v2\/news_category?post=12486"}],"curies":[{"name":"wp","href":"https:\/\/api.w.org\/{rel}","templated":true}]}}