{"id":12407,"date":"2023-05-19T22:30:38","date_gmt":"2023-05-19T20:30:38","guid":{"rendered":"https:\/\/church4you.be\/liege\/?post_type=news&#038;p=12407"},"modified":"2023-05-25T11:09:25","modified_gmt":"2023-05-25T09:09:25","slug":"marie-a-bien-dit-huy","status":"publish","type":"news","link":"https:\/\/church4you.be\/liege\/news\/marie-a-bien-dit-huy\/","title":{"rendered":"Marie a bien dit Huy !"},"content":{"rendered":"\n<figure class=\"wp-block-image size-full\"><img loading=\"lazy\" width=\"1748\" height=\"900\" src=\"https:\/\/church4you.be\/liege\/wp-content\/uploads\/sites\/5\/2023\/03\/Affiche-version-2023.02.png\" alt=\"\" class=\"wp-image-12162\" srcset=\"https:\/\/church4you.be\/liege\/wp-content\/uploads\/sites\/5\/2023\/03\/Affiche-version-2023.02.png 1748w, https:\/\/church4you.be\/liege\/wp-content\/uploads\/sites\/5\/2023\/03\/Affiche-version-2023.02-580x299.png 580w, https:\/\/church4you.be\/liege\/wp-content\/uploads\/sites\/5\/2023\/03\/Affiche-version-2023.02-250x129.png 250w, https:\/\/church4you.be\/liege\/wp-content\/uploads\/sites\/5\/2023\/03\/Affiche-version-2023.02-768x395.png 768w, https:\/\/church4you.be\/liege\/wp-content\/uploads\/sites\/5\/2023\/03\/Affiche-version-2023.02-1536x791.png 1536w, https:\/\/church4you.be\/liege\/wp-content\/uploads\/sites\/5\/2023\/03\/Affiche-version-2023.02-75x39.png 75w\" sizes=\"(max-width: 1748px) 100vw, 1748px\" \/><\/figure>\n\n\n\n<p>Comme les Jeux Olympiques, cela faisait quatre ans qu\u2019on l\u2019attendait : le RDJ (Rassemblement Dioc\u00e9sain des Jeunes) a fait son grand retour ce jeudi 11 mai \u00e0 Huy. Les jeunes et leurs animateurs ont largement r\u00e9pondu pr\u00e9sents : il y avait plus de 300 inscrits, soit le double de ce que le Service Dioc\u00e9sain des Jeunes (organisateur de l&rsquo;\u00e9v\u00e9nement) avait initialement esp\u00e9r\u00e9. Le choix de cette date \u00e9tait in\u00e9dit : c\u2019\u00e9tait la premi\u00e8re fois que le RDJ avait lieu en semaine, pendant les vacances dites de \u201cprintemps\u201d.<\/p>\n\n\n\n<p>Aussi, c\u2019\u00e9tait un RDJ nouvelle formule \u00e9labor\u00e9 \u00e0 partir du th\u00e8me \u201cMarie a dit \u2018Huy\u2019 !\u201d , clin d&rsquo;\u0153il assum\u00e9 au \u201cOui\u201d de Marie dans l\u2019\u00c9vangile, mais aussi r\u00e9f\u00e9rence directe au th\u00e8me des Journ\u00e9es Mondiales de la Jeunesse de l\u2019\u00e9t\u00e9 prochain. L\u2019id\u00e9e \u00e9tait donc de permettre aux jeunes de 12 \u00e0 18 ans, ainsi qu\u2019\u00e0 ceux qui font leur profession de foi cette ann\u00e9e, d\u2019exp\u00e9rimenter une journ\u00e9e dans l\u2019esprit des JMJ sous le regard bienveillant de la Vierge Marie. Au fond, une journ\u00e9e-type des JMJ, c\u2019est avant tout une journ\u00e9e de rassemblement, une journ\u00e9e pour faire connaissance avec les autres, une journ\u00e9e pour apprendre, une journ\u00e9e pour approfondir sa foi.<\/p>\n\n\n\n<p>Ayant pour th\u00e8me \u201cMarie a dit \u2018Huy\u2019 !\u201d, il \u00e9tait tout naturel que cette journ\u00e9e commence au sanctuaire marial de la Sarte, au sommet du mur de Huy. \u00c0 l\u2019accueil, une \u00e9quipe de choc habitu\u00e9e \u00e0 ce genre d\u2019exercice (avec Ana\u00efs, C\u00e9line, Vincent, C\u00e9dric, Sr Fran\u00e7oise, Philippine ainsi que les guides et scouts de Banneux) distribuait \u00e0 chacun son badge, sorte de \u201cpass\u201d de la journ\u00e9e. Pour commencer, direction l\u2019\u00e9glise voisine : Carine y attendait chaque groupe pour une pr\u00e9sentation rapide, mais riche, de l\u2019histoire de Notre-Dame de la Sarte,&nbsp; l\u2019occasion de d\u00e9couvrir le miracle du fagot, les gu\u00e9risons inexpliqu\u00e9es, les premi\u00e8res processions, ainsi que, plus r\u00e9cemment, la vie du P\u00e8re Dominique Pire, prix Nobel de la paix.<\/p>\n\n\n\n<p>\u00c0 peine sortis de l\u2019\u00e9glise, les jeunes et leurs animateurs se sont mis en route vers le centre ville en mode \u201ctrack game\u201d, sorte de parcours explorateur parsem\u00e9 de d\u00e9fis. On dit que \u201cDieu \u00e9crit droit avec des lignes courbes\u201d. Ce track game en \u00e9tait une illustration puisque ce n\u2019\u00e9tait pas le chemin le plus direct que nous avons suivi, mais un autre, plus long et moins raide, qui traversait la for\u00eat. Tous les 500 m\u00e8tres en moyenne, il fallait flasher un QR code qui donnait acc\u00e8s \u00e0 des questions. Le premier QR code invitait, entre autres, \u00e0 raconter une blague. Parmi les blagues que nous avons re\u00e7ues, voici notre pr\u00e9f\u00e9r\u00e9e : <em>\u00ab\u00a0Deux cure-dents se baladent dans les bois. Alors qu\u2019ils croisent un h\u00e9risson, l\u2019un dit \u00e0 l\u2019autre : &#8211; tiens, il y a des bus qui circulent par ici ?\u201d<\/em><\/p>\n\n\n\n<p>Le dernier QR code demandait aux groupes d\u2019\u00e9valuer la distance qu\u2019ils avaient parcourue pendant le track game. Big-up \u00e0 l\u2019\u00e9quipe des confirmands d\u2019Aywaille et de Sprimont qui a trouv\u00e9 la bonne r\u00e9ponse : 3,42 km ! Cela en valait la peine, puisque \u00e0 l\u2019arriv\u00e9e, des frites croustillantes pr\u00e9par\u00e9es par Jean-Paul attendaient chacune et chacun \u00e0 l\u2019Institut Sainte-Marie. Le temps de reprendre quelques forces au son de l\u2019animation musicale karaok\u00e9 anim\u00e9e par Dylan, Fr\u00e9d\u00e9ric, Vincent, Rapha\u00ebl et Jo\u00ebl. Puis c\u2019\u00e9tait d\u00e9j\u00e0 l\u2019heure des \u201cstand-ups\u201d. Au passage, grand merci \u00e0 Jean-Pierre pour le pr\u00eat de l\u2019\u00e9cran.<\/p>\n\n\n\n<p><strong>Stand-up please !<\/strong><\/p>\n\n\n\n<p>Les stand-ups, qu\u2019est-ce que c\u2019est ? A l\u2019origine, ce sont des spectacles d\u2019humoristes qui se produisent en solo dans un style interactif o\u00f9 l\u2019orateur s&rsquo;adresse directement au public. Pour nous \u00e0 Huy, les stand-ups, c\u2019\u00e9taient cinq lieux diff\u00e9rents en plein c\u0153ur de la ville o\u00f9 les jeunes pouvaient aller se nourrir spirituellement. Cinq lieux pour approfondir la question : \u201cComment, nous aussi, pouvons-nous dire oui \u00e0 Dieu, \u00e0 la suite de Marie ?\u201d. Pour cela, des animateurs exp\u00e9riment\u00e9s et talentueux ont propos\u00e9 diff\u00e9rents \u00e9clairages \u00e0 partir de l\u2019Ancien et du Nouveau Testament, de l\u2019histoire de l\u2019\u00c9glise, de l\u2019encyclique Laudato Si (\u00e9cologie int\u00e9grale), mais aussi \u00e0 partir de nos propres vies\u2026 Merci Marie, Nicolas, \u00c9ric, Olivier et Olivier pour vos pr\u00e9cieuses contributions !<\/p>\n\n\n\n<div class=\"wp-block-image\"><figure class=\"aligncenter size-full is-resized\"><img loading=\"lazy\" src=\"https:\/\/church4you.be\/liege\/wp-content\/uploads\/sites\/5\/2023\/05\/image-1.png\" alt=\"\" class=\"wp-image-12410\" width=\"600\" height=\"450\" srcset=\"https:\/\/church4you.be\/liege\/wp-content\/uploads\/sites\/5\/2023\/05\/image-1.png 1200w, https:\/\/church4you.be\/liege\/wp-content\/uploads\/sites\/5\/2023\/05\/image-1-580x435.png 580w, https:\/\/church4you.be\/liege\/wp-content\/uploads\/sites\/5\/2023\/05\/image-1-250x188.png 250w, https:\/\/church4you.be\/liege\/wp-content\/uploads\/sites\/5\/2023\/05\/image-1-768x576.png 768w, https:\/\/church4you.be\/liege\/wp-content\/uploads\/sites\/5\/2023\/05\/image-1-75x56.png 75w\" sizes=\"(max-width: 600px) 100vw, 600px\" \/><\/figure><\/div>\n\n\n\n<p>C\u2019\u00e9tait d\u00e9j\u00e0 l\u2019heure de go\u00fbter une bonne gaufre li\u00e9geoise artisanale.<\/p>\n\n\n\n<p><strong>Les ateliers du bon Dieu<\/strong><\/p>\n\n\n\n<p>Apr\u00e8s le go\u00fbter, ce fut le temps des ateliers : pendant une heure, certains jeunes se sont mis au service en participant \u00e0 l\u2019\u00e9laboration de la c\u00e9l\u00e9bration : r\u00e9p\u00e9tition des chants et d\u2019une chor\u00e9graphie pour la messe, pr\u00e9paration de la liturgie, \u00e9criture des intentions. D\u2019autres ont \u00e9cout\u00e9 des t\u00e9moignages parlant de solidarit\u00e9 (\u00celes de Paix, Entraide &amp; Fraternit\u00e9). Jeux bibliques et flash-mob compl\u00e9taient la panoplie des activit\u00e9s. Merci \u00e0 Peggy pour la chor\u00e9graphie, \u00e0 Ana\u00efs et C\u00e9line pour le flash-mob, \u00e0 Nicolas pour la pr\u00e9sentation des \u201c\u00celes de Paix\u201d, \u00e0 Dolor\u00e8s pour \u201cEntraide et Fraternit\u00e9\u201d, \u00e0 Olivier et Sabine pour les jeux bibliques.<\/p>\n\n\n\n<p><strong>Il est venu le temps de la coll\u00e9giale<\/strong><\/p>\n\n\n\n<p>Il ne restait que quelques minutes avant le d\u00e9but de la messe, occasion parfaite de visiter la magnifique Coll\u00e9giale de Huy, chef d&rsquo;\u0153uvre de l\u2019art gothique mosan.&nbsp;<\/p>\n\n\n\n<div class=\"wp-block-image\"><figure class=\"aligncenter size-full\"><img loading=\"lazy\" width=\"1201\" height=\"900\" src=\"https:\/\/church4you.be\/liege\/wp-content\/uploads\/sites\/5\/2023\/05\/image-8.png\" alt=\"\" class=\"wp-image-12416\" srcset=\"https:\/\/church4you.be\/liege\/wp-content\/uploads\/sites\/5\/2023\/05\/image-8.png 1201w, https:\/\/church4you.be\/liege\/wp-content\/uploads\/sites\/5\/2023\/05\/image-8-580x435.png 580w, https:\/\/church4you.be\/liege\/wp-content\/uploads\/sites\/5\/2023\/05\/image-8-250x187.png 250w, https:\/\/church4you.be\/liege\/wp-content\/uploads\/sites\/5\/2023\/05\/image-8-768x576.png 768w, https:\/\/church4you.be\/liege\/wp-content\/uploads\/sites\/5\/2023\/05\/image-8-75x56.png 75w\" sizes=\"(max-width: 1201px) 100vw, 1201px\" \/><\/figure><\/div>\n\n\n\n<p>La messe, pr\u00e9sid\u00e9e par notre \u00e9v\u00eaque Mgr Jean-Pierre Delville, \u00e9tait anim\u00e9e musicalement par le groupe interg\u00e9n\u00e9rationnel Magnificat Melody et sonoris\u00e9e par l\u2019entreprise vervi\u00e9toise Soundmaker. Qu\u2019ils soient lecteurs, acolytes, chanteurs, danseurs, les jeunes ont particip\u00e9 activement \u00e0 cette c\u00e9l\u00e9bration. Au cours de l\u2019hom\u00e9lie, nous avons notamment appris que la pr\u00e9sence chr\u00e9tienne \u00e0 Huy remonte \u00e0 plus de 1600 ans\u2026<\/p>\n\n\n\n<p>Au m\u00eame moment, une \u00e9quipe s\u2019activait autour du feu pour pr\u00e9parer le traditionnel BBQ, car\u2026<\/p>\n\n\n\n<p><strong>\u2026 Pas de RDJ sans BBQ<\/strong><\/p>\n\n\n\n<p>S\u2019il y a bien des choses qui ne changent pas d\u2019un RDJ \u00e0 l\u2019autre, m\u00eame quand quatre ans les s\u00e9parent, c\u2019est l\u2019organisation du traditionnel BBQ. Pr\u00e8s de 333 saucisses (au SDJ, on aime bien la symbolique des nombres) ont \u00e9t\u00e9 admirablement grill\u00e9es par Alain et Josu\u00e9, servies par Falbala et Florence dans des baguettes artisanales apport\u00e9es par \u00c9ric\u2026 Il n\u2019est rien rest\u00e9 (sauf des sauces : n\u2019h\u00e9sitez pas \u00e0 vous signaler si vous \u00eates int\u00e9ress\u00e9s par de la samoura\u00ef).<\/p>\n\n\n\n<p><strong>Avec ou 100 d\u00e9fis ? Rouge ou Vert ?&nbsp;<\/strong><\/p>\n\n\n\n<p>Les pains-saucisses (presque) dig\u00e9r\u00e9s, le moment tant attendu arrivait enfin, la VEILL\u00c9E ! Difficile de ne pas donner quelques \u00e9l\u00e9ments de contexte quant \u00e0 la pr\u00e9paration de cette derni\u00e8re : le RDJ est pass\u00e9 de 150 \u00e0 300 inscrits en deux semaines, obligeant le chef d\u2019orchestre de cette veill\u00e9e, \u00e0 savoir Luc, \u00e0 compl\u00e8tement changer les plans. La contrainte engendrant la cr\u00e9ativit\u00e9, c\u2019est une veill\u00e9e g\u00e9ante et in\u00e9dite comportant 100 d\u00e9fis qui a vu le jour en mode duel coop\u00e9ratif : deux grandes \u00e9quipes de 150 personnes (l\u2019\u00e9quipe verte et l\u2019\u00e9quipe rouge \u2014 merci \u00e0 Alice pour la confection de tous les bandeaux !) devaient chacune s&rsquo;acquitter d\u2019une liste de 100 d\u00e9fis, en moins d\u2019une heure. La bonne coop\u00e9ration au sein de chaque \u00e9quipe \u00e9tant un facteur d\u00e9terminant pour la r\u00e9ussite d\u2019un tel projet. Autant vous le dire tout de suite : aucune des deux \u00e9quipes n\u2019y est parvenue\u2026 et c\u2019est normal, car les d\u00e9fis \u00e9taient tout simplement hors-normes : r\u00e9aliser une tour en Kapla de 3 m de haut, un puzzle de 1000 pi\u00e8ces\u2026 Au final, \u00e9galit\u00e9 parfaite, 89 points pour chaque \u00e9quipe !<\/p>\n\n\n\n<p><strong>Et la m\u00e9t\u00e9o dans tout \u00e7a ?<\/strong><\/p>\n\n\n\n<p>On annon\u00e7ait un temps tr\u00e8s bof. Cela ne s\u2019est pas produit. Les rayons du soleil ont m\u00eame travers\u00e9 les vitraux de la rosace de la Coll\u00e9giale pendant la messe, la preuve ci-dessous. Un miracle !<\/p>\n\n\n\n<div class=\"wp-block-image\"><figure class=\"aligncenter size-full is-resized\"><img loading=\"lazy\" src=\"https:\/\/church4you.be\/liege\/wp-content\/uploads\/sites\/5\/2023\/05\/image-2.png\" alt=\"\" class=\"wp-image-12409\" width=\"338\" height=\"450\" srcset=\"https:\/\/church4you.be\/liege\/wp-content\/uploads\/sites\/5\/2023\/05\/image-2.png 675w, https:\/\/church4you.be\/liege\/wp-content\/uploads\/sites\/5\/2023\/05\/image-2-435x580.png 435w, https:\/\/church4you.be\/liege\/wp-content\/uploads\/sites\/5\/2023\/05\/image-2-188x250.png 188w, https:\/\/church4you.be\/liege\/wp-content\/uploads\/sites\/5\/2023\/05\/image-2-56x75.png 56w\" sizes=\"(max-width: 338px) 100vw, 338px\" \/><\/figure><\/div>\n\n\n\n<p><strong>Encore quelques mots\u2026<\/strong><\/p>\n\n\n\n<p>\u2026 pour remercier \u00c9milie et Allan qui ont g\u00e9r\u00e9 la communication du RDJ. Merci en particulier pour les photos ! Quant aux derniers mots, ils seront prononc\u00e9s par les jeunes eux-m\u00eames :&nbsp;<\/p>\n\n\n\n<p><em>\u201cMerci \u00e0 vous pour cette journ\u00e9e riche en d\u00e9couvertes. Elle nous a permis de travailler ensemble, de cr\u00e9er ensemble et de d\u00e9couvrir les qualit\u00e9s des autres. Nous remercions les organisateurs et tous ceux qui nous ont permis de vivre cette belle aventure. Merci au Seigneur de nous avoir rassembl\u00e9s aujourd\u2019hui, merci \u00e0 tous !\u201d<\/em><\/p>\n\n\n\n<p><em>\u201cAu terme de ce magnifique rassemblement des jeunes du Dioc\u00e8se de Li\u00e8ge, nous voulons redire d\u2019abord notre joie d\u2019avoir dit \u201coui\u201d, joie de nous retrouver si nombreux comme jeunes, joie de d\u00e9couvrir Huy, joie de rencontrer notre \u00e9v\u00eaque, joie de vivre un temps fort entre nous, joie de d\u00e9couvrir le SDJ \u00e0 l\u2019oeuvre, joie de voir les guides et scouts d\u2019Europe se mettre au service d\u2019autres jeunes, joie pour la future responsable du vicariat des pastorales des jeunes, des vocations et des familles (Marie de Lovinfosse), joie de c\u00e9l\u00e9brer l\u2019Eucharistie ensemble, joie de nous associer au \u201cOui\u201d de Marie et de d\u00e9couvrir Marie comme mod\u00e8le du \u201cOui\u201d. Enfin, joie d\u2019accueillir la Joie du Christ lui-m\u00eame. Pour tout cela, merci \u00e0 toutes et \u00e0 tous ! Merci Marie ! Merci Seigneur !\u201d<\/em><\/p>\n","protected":false},"excerpt":{"rendered":"<p>Echos du RDJ 23, Marie a bien dit Huy !<\/p>\n","protected":false},"author":7,"featured_media":11849,"template":"","tags":[],"news_category":[],"_links":{"self":[{"href":"https:\/\/church4you.be\/liege\/wp-json\/wp\/v2\/news\/12407"}],"collection":[{"href":"https:\/\/church4you.be\/liege\/wp-json\/wp\/v2\/news"}],"about":[{"href":"https:\/\/church4you.be\/liege\/wp-json\/wp\/v2\/types\/news"}],"author":[{"embeddable":true,"href":"https:\/\/church4you.be\/liege\/wp-json\/wp\/v2\/users\/7"}],"wp:featuredmedia":[{"embeddable":true,"href":"https:\/\/church4you.be\/liege\/wp-json\/wp\/v2\/media\/11849"}],"wp:attachment":[{"href":"https:\/\/church4you.be\/liege\/wp-json\/wp\/v2\/media?parent=12407"}],"wp:term":[{"taxonomy":"post_tag","embeddable":true,"href":"https:\/\/church4you.be\/liege\/wp-json\/wp\/v2\/tags?post=12407"},{"taxonomy":"news_category","embeddable":true,"href":"https:\/\/church4you.be\/liege\/wp-json\/wp\/v2\/news_category?post=12407"}],"curies":[{"name":"wp","href":"https:\/\/api.w.org\/{rel}","templated":true}]}}