{"id":11313,"date":"2022-11-15T10:31:21","date_gmt":"2022-11-15T09:31:21","guid":{"rendered":"https:\/\/church4you.be\/liege\/?post_type=news&#038;p=11313"},"modified":"2023-02-14T14:44:50","modified_gmt":"2023-02-14T13:44:50","slug":"avant-lavent-novembre-2022","status":"publish","type":"news","link":"https:\/\/church4you.be\/liege\/news\/avant-lavent-novembre-2022\/","title":{"rendered":"Avant l&rsquo;Avent&#8230; &#8211; Novembre 2022"},"content":{"rendered":"\n<figure class=\"wp-block-image size-full is-resized\"><img loading=\"lazy\" src=\"https:\/\/church4you.be\/liege\/wp-content\/uploads\/sites\/5\/2020\/10\/Banniere_Generique.png\" alt=\"Newsletter\" class=\"wp-image-7884\" width=\"876\" height=\"195\" srcset=\"https:\/\/church4you.be\/liege\/wp-content\/uploads\/sites\/5\/2020\/10\/Banniere_Generique.png 1752w, https:\/\/church4you.be\/liege\/wp-content\/uploads\/sites\/5\/2020\/10\/Banniere_Generique-580x129.png 580w, https:\/\/church4you.be\/liege\/wp-content\/uploads\/sites\/5\/2020\/10\/Banniere_Generique-250x56.png 250w, https:\/\/church4you.be\/liege\/wp-content\/uploads\/sites\/5\/2020\/10\/Banniere_Generique-768x171.png 768w, https:\/\/church4you.be\/liege\/wp-content\/uploads\/sites\/5\/2020\/10\/Banniere_Generique-1536x342.png 1536w, https:\/\/church4you.be\/liege\/wp-content\/uploads\/sites\/5\/2020\/10\/Banniere_Generique-75x17.png 75w\" sizes=\"(max-width: 876px) 100vw, 876px\" \/><figcaption>Newsletter n. 148<\/figcaption><\/figure>\n\n\n\n<p style=\"text-align: justify\">Pass\u00e9e la f\u00eate de la Toussaint, il reste une petite encablure de temps \u00e0 parcourir avant l&rsquo;Avent. La m\u00e9t\u00e9o n&rsquo;est pas la plus favorable de l&rsquo;ann\u00e9e, et les jours qui diminuent nous invitent \u00e0 toujours plus esp\u00e9rer le retour de la lumi\u00e8re avec un petit l, mais surtout avec un grand L, celle de J\u00e9sus Christ.<\/p>\n\n\n\n<p style=\"text-align: justify\">Les 33<sup>e<\/sup> et 34<sup>e<\/sup> semaines du temps ordinaire nous rappellent \u00ab\u00a0\u00e0 l&rsquo;ordre\u00a0\u00bb : c&rsquo;est bient\u00f4t la fin de l&rsquo;ann\u00e9e liturgique. C&rsquo;est l&rsquo;occasion de relire cette ann\u00e9e, de prendre conscience des bonnes choses que nous avons v\u00e9cues, et de remercier ceux qui nous entourent ici-bas, et dans l&rsquo;au-del\u00e0. Les derni\u00e8res semaines ont \u00e9t\u00e9 particuli\u00e8rement riches&#8230;<\/p>\n<p style=\"text-align: justify\">Les prochaines \u00e9ch\u00e9ances se rapprochent \u00e0 grande vitesse, plus vite que les cavaliers de l&rsquo;Apocalypse (dont nous avons commenc\u00e9 la lecture la semaine pass\u00e9e), alors, \u00e0 vos agendas !<\/p>\n<p style=\"text-align: justify\">Il y a peu, nous f\u00eations la Toussaint, f\u00eate de tous les Saint, f\u00eate des vivants. Le pape Fran\u00e7ois nous rappelait encore r\u00e9cemment, avec le style qui lui est propre, ce que signifie \u00ab\u00a0\u00eatre saint\u00a0\u00bb :<\/p>\n\n\n\n<figure class=\"wp-block-embed aligncenter is-type-rich is-provider-twitter wp-block-embed-twitter\"><div class=\"wp-block-embed__wrapper\">\n<blockquote class=\"twitter-tweet\" data-width=\"500\" data-dnt=\"true\"><p lang=\"fr\" dir=\"ltr\">Les saints ne viennent pas d&#39;un &quot;monde parall\u00e8le&quot; ; ce sont des croyants ins\u00e9r\u00e9s dans la vie quotidienne de la famille, des \u00e9tudes, du travail, de la vie sociale, \u00e9conomique et politique. Dans tous ces contextes, ils agissent sans crainte, accomplissant la volont\u00e9 de Dieu.<\/p>&mdash; Pape Fran\u00e7ois (@Pontifex_fr) <a href=\"https:\/\/twitter.com\/Pontifex_fr\/status\/1590683190984732673?ref_src=twsrc%5Etfw\">November 10, 2022<\/a><\/blockquote><script async src=\"https:\/\/platform.twitter.com\/widgets.js\" charset=\"utf-8\"><\/script>\n<\/div><\/figure>\n\n\n\n<p><strong>Bonne lecture !<\/strong><\/p>\n\n\n\n<div class=\"wp-block-columns\">\n<div class=\"wp-block-column\" style=\"flex-basis:33.33%\">\n<div class=\"wp-block-image is-style-default\"><figure class=\"aligncenter size-full is-resized\"><img loading=\"lazy\" src=\"https:\/\/church4you.be\/liege\/wp-content\/uploads\/sites\/5\/2022\/08\/Logo-Festival-ressere.png\" alt=\"\" class=\"wp-image-10591\" width=\"230\" height=\"225\" srcset=\"https:\/\/church4you.be\/liege\/wp-content\/uploads\/sites\/5\/2022\/08\/Logo-Festival-ressere.png 921w, https:\/\/church4you.be\/liege\/wp-content\/uploads\/sites\/5\/2022\/08\/Logo-Festival-ressere-580x567.png 580w, https:\/\/church4you.be\/liege\/wp-content\/uploads\/sites\/5\/2022\/08\/Logo-Festival-ressere-250x244.png 250w, https:\/\/church4you.be\/liege\/wp-content\/uploads\/sites\/5\/2022\/08\/Logo-Festival-ressere-768x750.png 768w, https:\/\/church4you.be\/liege\/wp-content\/uploads\/sites\/5\/2022\/08\/Logo-Festival-ressere-75x73.png 75w\" sizes=\"(max-width: 230px) 100vw, 230px\" \/><\/figure><\/div>\n<\/div>\n\n\n\n<div class=\"wp-block-column\" style=\"flex-basis:66.66%\">\n<p><strong>Echos du Festival JMJ Belgium \u00e0 Mardesous<\/strong><\/p>\n\n\n\n<p>Ce festival, c&rsquo;\u00e9tait juste \u00e9-norme !<\/p>\n\n\n\n<p style=\"text-align: justify\">On vous invite \u00e0 aller lire les <span style=\"color: #ff6600\"><strong>\u00e9chos<\/strong><\/span> ci-dessous, ils rassemblent des articles, des podcasts, des reportages, des t\u00e9moignages, des vid\u00e9os&#8230;<\/p>\n\n\n\n<div class=\"wp-block-buttons is-content-justification-center\">\n<div class=\"wp-block-button\"><a class=\"wp-block-button__link\" href=\"https:\/\/church4you.be\/bruxelles\/news\/echos-festival-jmj-2022-a-maredsous\/\" target=\"_blank\" rel=\"noreferrer noopener\">Echos Festival JMJ Belgium.<\/a><\/div>\n<\/div>\n\n\n\n<p>Une derni\u00e8re photo ?  <a rel=\"noreferrer noopener\" href=\"https:\/\/church4you.be\/liege\/wp-content\/uploads\/sites\/5\/2022\/11\/PXL_20221023_104417961-ANIMATION.gif\" data-type=\"URL\" data-id=\"https:\/\/church4you.be\/liege\/wp-content\/uploads\/sites\/5\/2022\/11\/PXL_20221023_104417961-ANIMATION.gif\" target=\"_blank\">Voil\u00e0 !<\/a> (cela vaut pour la photo du mois\ud83d\ude07).<\/p>\n<\/div>\n<\/div>\n\n\n\n<div class=\"wp-block-columns\">\n<div class=\"wp-block-column\" style=\"flex-basis:33.33%\">\n<div class=\"wp-block-image is-style-default\"><figure class=\"aligncenter size-full is-resized\"><img loading=\"lazy\" src=\"https:\/\/church4you.be\/liege\/wp-content\/uploads\/sites\/5\/2022\/10\/LES-JMJ-AVEC-CHURCH4YOU-2.png\" alt=\"\" class=\"wp-image-11028\" width=\"225\" height=\"225\" srcset=\"https:\/\/church4you.be\/liege\/wp-content\/uploads\/sites\/5\/2022\/10\/LES-JMJ-AVEC-CHURCH4YOU-2.png 900w, https:\/\/church4you.be\/liege\/wp-content\/uploads\/sites\/5\/2022\/10\/LES-JMJ-AVEC-CHURCH4YOU-2-580x580.png 580w, https:\/\/church4you.be\/liege\/wp-content\/uploads\/sites\/5\/2022\/10\/LES-JMJ-AVEC-CHURCH4YOU-2-250x250.png 250w, https:\/\/church4you.be\/liege\/wp-content\/uploads\/sites\/5\/2022\/10\/LES-JMJ-AVEC-CHURCH4YOU-2-768x768.png 768w, https:\/\/church4you.be\/liege\/wp-content\/uploads\/sites\/5\/2022\/10\/LES-JMJ-AVEC-CHURCH4YOU-2-100x100.png 100w, https:\/\/church4you.be\/liege\/wp-content\/uploads\/sites\/5\/2022\/10\/LES-JMJ-AVEC-CHURCH4YOU-2-75x75.png 75w\" sizes=\"(max-width: 225px) 100vw, 225px\" \/><\/figure><\/div>\n<\/div>\n\n\n\n<div class=\"wp-block-column\" style=\"flex-basis:66.66%\">\n<p><strong>Vous comptez partir aux JMJ&#8230;<\/strong><\/p>\n<p>&#8230; mais vous ne savez pas encore trop <span style=\"color: #ff6600\"><strong>comment<\/strong><\/span>, ni <span style=\"color: #ff6600\"><strong>avec qui<\/strong><\/span> ? Jetez donc un \u0153il \u00e0 l&rsquo;article ci-dessous.&nbsp;<\/p>\n\n\n\n<div class=\"wp-block-buttons is-content-justification-center\">\n<div class=\"wp-block-button\"><a class=\"wp-block-button__link\" href=\"https:\/\/church4you.be\/news\/jmj-les-differentes-routes\/\" target=\"_blank\" rel=\"noreferrer noopener\">JMJ 2023 &#8211; Les routes<\/a><\/div>\n<\/div>\n\n\n\n<p style=\"text-align: justify\">D&rsquo;ailleurs, notre dioc\u00e8se est toujours \u00e0 la recherche <span style=\"color: #ff6600\"><strong>d&rsquo;ambassadeurs<\/strong><\/span>. Et si c&rsquo;\u00e9tait vous ? \u2935\ufe0f<\/p>\n\n\n\n<div class=\"wp-block-buttons is-content-justification-center\">\n<div class=\"wp-block-button\"><a class=\"wp-block-button__link\" href=\"https:\/\/church4you.be\/liege\/news\/jmj-portugal-2023-deviens-ambassadeur-de-ton-up\/\" target=\"_blank\" rel=\"noreferrer noopener\">Ambassadeurs JMJ 2023<\/a><\/div>\n<\/div>\n<\/div>\n<\/div>\n\n\n\n<div class=\"wp-block-columns\">\n<div class=\"wp-block-column\" style=\"flex-basis:33.33%\">\n<figure class=\"wp-block-image size-full is-style-default\"><img loading=\"lazy\" width=\"1747\" height=\"900\" src=\"https:\/\/church4you.be\/liege\/wp-content\/uploads\/sites\/5\/2022\/11\/Affiche-RDJ-2023-Light.jpg\" alt=\"\" class=\"wp-image-11273\" srcset=\"https:\/\/church4you.be\/liege\/wp-content\/uploads\/sites\/5\/2022\/11\/Affiche-RDJ-2023-Light.jpg 1747w, https:\/\/church4you.be\/liege\/wp-content\/uploads\/sites\/5\/2022\/11\/Affiche-RDJ-2023-Light-580x299.jpg 580w, https:\/\/church4you.be\/liege\/wp-content\/uploads\/sites\/5\/2022\/11\/Affiche-RDJ-2023-Light-250x129.jpg 250w, https:\/\/church4you.be\/liege\/wp-content\/uploads\/sites\/5\/2022\/11\/Affiche-RDJ-2023-Light-768x396.jpg 768w, https:\/\/church4you.be\/liege\/wp-content\/uploads\/sites\/5\/2022\/11\/Affiche-RDJ-2023-Light-1536x791.jpg 1536w, https:\/\/church4you.be\/liege\/wp-content\/uploads\/sites\/5\/2022\/11\/Affiche-RDJ-2023-Light-75x39.jpg 75w\" sizes=\"(max-width: 1747px) 100vw, 1747px\" \/><\/figure>\n<\/div>\n\n\n\n<div class=\"wp-block-column\" style=\"flex-basis:66.66%\">\n<p><strong>Trop jeune pour les JMJ ? Viens au RDJ !<\/strong><\/p>\n\n\n\n<p style=\"text-align: justify\">Le 11 mai 2023, pendant les vacances de <del>P\u00e2ques<\/del> de mai, plusieurs centaines de jeunes se retrouveront \u00e0 Huy pour le <span style=\"color: #ff6600\"><strong>RDJ &#8211; le Rassemblement Dioc\u00e9sain des Jeunes<\/strong><\/span> de notre dioc\u00e8se, car \u00ab\u00a0Marie a dit Huy !\u00a0\u00bb. Ce RDJ se pr\u00e9sente comme <span style=\"color: #ff6600\"><strong>une occasion unique de vivre des mini JMJ<\/strong><\/span> dans notre dioc\u00e8se pour les jeunes entre leur derni\u00e8re ann\u00e9e d\u2019\u00e9cole primaire et la rh\u00e9to. Plus d&rsquo;infos :<\/p>\n\n\n\n<div class=\"wp-block-buttons is-content-justification-center\">\n<div class=\"wp-block-button\"><a class=\"wp-block-button__link\" href=\"https:\/\/church4you.be\/liege\/news\/rassemblement-diocesain-des-jeunes-2023\/\" target=\"_blank\" rel=\"noreferrer noopener\">RDJ 2023 \u00e0 Huy<\/a><\/div>\n<\/div>\n<\/div>\n<\/div>\n\n\n\n<div class=\"wp-block-columns\">\n<div class=\"wp-block-column\" style=\"flex-basis:33.33%\">\n<div class=\"wp-block-image is-style-default\"><figure class=\"aligncenter size-full is-resized\"><img loading=\"lazy\" src=\"https:\/\/church4you.be\/liege\/wp-content\/uploads\/sites\/5\/2021\/12\/Gen20.png\" alt=\"\" class=\"wp-image-9225\" width=\"257\" height=\"182\" srcset=\"https:\/\/church4you.be\/liege\/wp-content\/uploads\/sites\/5\/2021\/12\/Gen20.png 342w, https:\/\/church4you.be\/liege\/wp-content\/uploads\/sites\/5\/2021\/12\/Gen20-250x177.png 250w, https:\/\/church4you.be\/liege\/wp-content\/uploads\/sites\/5\/2021\/12\/Gen20-75x53.png 75w\" sizes=\"(max-width: 257px) 100vw, 257px\" \/><\/figure><\/div>\n<\/div>\n\n\n\n<div class=\"wp-block-column\" style=\"flex-basis:66.66%\">\n<p><strong>G\u00e9n\u00e9ration2.0, <\/strong>l&rsquo;\u00e9mission de radio hebdomadaire du SDJ sur RCF Li\u00e8ge.<\/p>\n<p style=\"text-align: justify\">Cet \u00e9t\u00e9, le SDJ est parti \u00e0 <span style=\"color: #ff6600\"><strong>Assise<\/strong><\/span>, sur les pas de Sainte Claire et Saint Fran\u00e7ois. En r\u00e9alit\u00e9, ce fut un triple p\u00e8lerinage, puisque nous avons \u00e9galement fait \u00e9tape \u00e0 Notre-Dame du Laus \u00e0 l&rsquo;aller, et \u00e0 Ars au retour.<\/p>\n<p style=\"text-align: justify\">Lors de notre s\u00e9jour \u00e0 Assise, les jeunes ont rencontr\u00e9 un fr\u00e8re franciscain, <span style=\"color: #ff6600\"><strong>fr\u00e8re Georgio<\/strong><\/span>. Cet entretien est \u00e0 r\u00e9\u00e9couter dans une s\u00e9rie de trois \u00e9missions.<\/p>\n<\/div>\n<\/div>\n\n\n\n<div class=\"wp-block-columns\">\n<div class=\"wp-block-column is-vertically-aligned-center\">\n<div class=\"wp-block-buttons is-content-justification-center\">\n<div class=\"wp-block-button\"><a class=\"wp-block-button__link\" href=\"https:\/\/www.rcf.fr\/culture-et-societe\/generation-20?episode=279582\" target=\"_blank\" rel=\"noreferrer noopener\">Fr\u00e8re Georgio &#8211; 1<\/a><\/div>\n<\/div>\n<\/div>\n\n\n\n<div class=\"wp-block-column\">\n<div class=\"wp-block-buttons is-content-justification-center\">\n<div class=\"wp-block-button\"><a class=\"wp-block-button__link\" href=\"https:\/\/www.rcf.fr\/culture-et-societe\/generation-20?episode=281423\" target=\"_blank\" rel=\"noreferrer noopener\">fr\u00e8re georgio &#8211; 2<\/a><\/div>\n<\/div>\n<\/div>\n\n\n\n<div class=\"wp-block-column\">\n<div class=\"wp-block-buttons is-content-justification-center\">\n<div class=\"wp-block-button\"><a class=\"wp-block-button__link\" href=\"https:\/\/www.rcf.fr\/culture-et-societe\/generation-20?episode=284241\" target=\"_blank\" rel=\"noreferrer noopener\">Fr\u00e8re georgio &#8211; 3<\/a><\/div>\n<\/div>\n<\/div>\n<\/div>\n\n\n\n<div class=\"wp-block-columns\">\n<div class=\"wp-block-column\" style=\"flex-basis:33.33%\">\n<div class=\"wp-block-image\"><figure class=\"aligncenter size-large is-resized\"><img loading=\"lazy\" src=\"https:\/\/church4you.be\/liege\/wp-content\/uploads\/sites\/5\/2022\/11\/AllanAvecLePape-898x900.jpg\" alt=\"\" class=\"wp-image-11314\" width=\"225\" height=\"225\" srcset=\"https:\/\/church4you.be\/liege\/wp-content\/uploads\/sites\/5\/2022\/11\/AllanAvecLePape-898x900.jpg 898w, https:\/\/church4you.be\/liege\/wp-content\/uploads\/sites\/5\/2022\/11\/AllanAvecLePape-580x580.jpg 580w, https:\/\/church4you.be\/liege\/wp-content\/uploads\/sites\/5\/2022\/11\/AllanAvecLePape-250x250.jpg 250w, https:\/\/church4you.be\/liege\/wp-content\/uploads\/sites\/5\/2022\/11\/AllanAvecLePape-768x770.jpg 768w, https:\/\/church4you.be\/liege\/wp-content\/uploads\/sites\/5\/2022\/11\/AllanAvecLePape-100x100.jpg 100w, https:\/\/church4you.be\/liege\/wp-content\/uploads\/sites\/5\/2022\/11\/AllanAvecLePape-75x75.jpg 75w, https:\/\/church4you.be\/liege\/wp-content\/uploads\/sites\/5\/2022\/11\/AllanAvecLePape.jpg 958w\" sizes=\"(max-width: 225px) 100vw, 225px\" \/><\/figure><\/div>\n<\/div>\n\n\n\n<div class=\"wp-block-column\" style=\"flex-basis:66.66%\">\n<p style=\"text-align: justify\">Depuis quelques temps, <span style=\"color: #ff6600\"><strong>Allan<\/strong><\/span> nous partage ses talents d&rsquo;animateur radio. Retrouvez ci-dessous l&rsquo;\u00e9mission dans laquelle Allan nous pr\u00e9sente son parcours : de la radio au streaming vid\u00e9o, de la th\u00e9ologie au m\u00e9tier d&rsquo;\u00e9ducateur en passant par la Mediaschool du Chemin Neuf.<\/p>\n<p style=\"text-align: justify\">Ne manquez pas non plus de r\u00e9\u00e9couter la premi\u00e8re \u00e9mission r\u00e9alis\u00e9e par Allan, suite \u00e0 sa participation avec d&rsquo;autres jeunes \u00e0 l&rsquo;aventure \u00ab\u00a0<span style=\"color: #ff6600\"><strong>Andiamo\u00a0\u00bb<\/strong><\/span>. Rencontrer le Pape et lui serrer la main (cf. photo), c&rsquo;est l&rsquo;exp\u00e9rience incroyable qu&rsquo;ont v\u00e9cu une centaine de jeunes catholiques belges ce 10 octobre \u00e0 Rome, lors d&rsquo;une audience priv\u00e9e avec le Pape Fran\u00e7ois organis\u00e9e par le groupe Andiamo dans le cadre des JMJ de Lisbonne 2023. Emilie et Linda, deux jeunes Li\u00e9geoises nous partagent ce moment fort qu&rsquo;elles ont v\u00e9cu.<\/p>\n\n\n\n<div class=\"wp-block-columns\">\n<div class=\"wp-block-column\">\n<div class=\"wp-block-buttons is-content-justification-center\">\n<div class=\"wp-block-button\"><a class=\"wp-block-button__link\" href=\"https:\/\/www.rcf.fr\/culture-et-societe\/generation-20?episode=289482\" target=\"_blank\" rel=\"noreferrer noopener\">Allan<\/a><\/div>\n<\/div>\n<\/div>\n\n\n\n<div class=\"wp-block-column\">\n<div class=\"wp-block-buttons is-content-justification-center\">\n<div class=\"wp-block-button\"><a class=\"wp-block-button__link\" href=\"https:\/\/www.rcf.fr\/culture-et-societe\/generation-20?episode=299945\" target=\"_blank\" rel=\"noreferrer noopener\">ANdiamo !<\/a><\/div>\n<\/div>\n<\/div>\n<\/div>\n<\/div>\n<\/div>\n\n\n\n<div class=\"wp-block-columns\">\n<div class=\"wp-block-column\" style=\"flex-basis:33.33%\">\n<div class=\"wp-block-image\"><figure class=\"aligncenter size-full is-resized\"><img loading=\"lazy\" src=\"https:\/\/church4you.be\/liege\/wp-content\/uploads\/sites\/5\/2022\/11\/Verviers_kerk4_foto3_2011-09-10_14.21-edited.jpeg\" alt=\"\" class=\"wp-image-11316\" width=\"232\" height=\"309\" srcset=\"https:\/\/church4you.be\/liege\/wp-content\/uploads\/sites\/5\/2022\/11\/Verviers_kerk4_foto3_2011-09-10_14.21-edited.jpeg 463w, https:\/\/church4you.be\/liege\/wp-content\/uploads\/sites\/5\/2022\/11\/Verviers_kerk4_foto3_2011-09-10_14.21-edited-435x580.jpeg 435w, https:\/\/church4you.be\/liege\/wp-content\/uploads\/sites\/5\/2022\/11\/Verviers_kerk4_foto3_2011-09-10_14.21-edited-187x250.jpeg 187w, https:\/\/church4you.be\/liege\/wp-content\/uploads\/sites\/5\/2022\/11\/Verviers_kerk4_foto3_2011-09-10_14.21-edited-56x75.jpeg 56w\" sizes=\"(max-width: 232px) 100vw, 232px\" \/><\/figure><\/div>\n<\/div>\n\n\n\n<div class=\"wp-block-column\" style=\"flex-basis:66.66%\">\n<p style=\"text-align: justify\">Un peu de musique pour finir&#8230; \u00ab\u00a0Deux salles, deux ambiances\u00a0\u00bb comme on dit. Connaissez-vous le <span style=\"color: #ff6600\"><strong>tribolage<\/strong><\/span> ? Les cloches sonnent bien m\u00e9lodieusement \u00e0 Verviers gr\u00e2ce \u00e0 des passionn\u00e9s et \u00e0 leurs jeunes stagiaires qui nous emm\u00e8nent \u00e0 la d\u00e9couverte de cette ancienne tradition.<\/p>\n<p style=\"text-align: justify\">Dans notre deuxi\u00e8me \u00e9mission musicale, nous partons \u00e0 la rencontre de <strong><span style=\"color: #ff6600\">Marc Salsac<\/span><\/strong>, protestant, p\u00e8re de famille, bassiste de grand talent et anim\u00e9 par une joie et un sens de la vie qui se propagent comme un feu d&rsquo;amour.<\/p>\n\n\n\n<div class=\"wp-block-columns\">\n<div class=\"wp-block-column\">\n<div class=\"wp-block-buttons is-content-justification-center\">\n<div class=\"wp-block-button\"><a class=\"wp-block-button__link\" href=\"https:\/\/www.rcf.fr\/culture-et-societe\/generation-20?episode=286742\" target=\"_blank\" rel=\"noreferrer noopener\">tribolage<\/a><\/div>\n<\/div>\n<\/div>\n\n\n\n<div class=\"wp-block-column\">\n<div class=\"wp-block-buttons is-content-justification-center\">\n<div class=\"wp-block-button\"><a class=\"wp-block-button__link\" href=\"https:\/\/www.rcf.fr\/culture-et-societe\/generation-20?episode=292156\" target=\"_blank\" rel=\"noreferrer noopener\">marc Salsac<\/a><\/div>\n<\/div>\n<\/div>\n<\/div>\n<\/div>\n<\/div>\n\n\n\n<div class=\"wp-block-columns\">\n<div class=\"wp-block-column\" style=\"flex-basis:33.33%\">\n<div class=\"wp-block-image is-style-rounded\"><figure class=\"aligncenter size-full is-resized\"><img loading=\"lazy\" src=\"https:\/\/church4you.be\/liege\/wp-content\/uploads\/sites\/5\/2021\/09\/Logo-Liege-Ardent.jpg\" alt=\"\" class=\"wp-image-9054\" width=\"225\" height=\"225\" srcset=\"https:\/\/church4you.be\/liege\/wp-content\/uploads\/sites\/5\/2021\/09\/Logo-Liege-Ardent.jpg 900w, https:\/\/church4you.be\/liege\/wp-content\/uploads\/sites\/5\/2021\/09\/Logo-Liege-Ardent-580x580.jpg 580w, https:\/\/church4you.be\/liege\/wp-content\/uploads\/sites\/5\/2021\/09\/Logo-Liege-Ardent-250x250.jpg 250w, https:\/\/church4you.be\/liege\/wp-content\/uploads\/sites\/5\/2021\/09\/Logo-Liege-Ardent-768x768.jpg 768w, https:\/\/church4you.be\/liege\/wp-content\/uploads\/sites\/5\/2021\/09\/Logo-Liege-Ardent-100x100.jpg 100w, https:\/\/church4you.be\/liege\/wp-content\/uploads\/sites\/5\/2021\/09\/Logo-Liege-Ardent-75x75.jpg 75w\" sizes=\"(max-width: 225px) 100vw, 225px\" \/><\/figure><\/div>\n<\/div>\n\n\n\n<div class=\"wp-block-column\" style=\"flex-basis:66.66%\">\n<p><strong>Li\u00e8ge Ardent, bient\u00f4t la prochaine !<\/strong><\/p>\n\n\n\n<p>La prochaine de Li\u00e8ge Ardent, c&rsquo;est le 24 novembre ! Ce sera aussi l&rsquo;occasion de recevoir un petit <span style=\"color: #ff6600\"><strong>topo sur l&rsquo;Esp\u00e9rance<\/strong><\/span>. Retrouvez tout le programme de l&rsquo;ann\u00e9e ci-dessous :<\/p>\n\n\n\n<div class=\"wp-block-buttons is-content-justification-center\">\n<div class=\"wp-block-button\"><a class=\"wp-block-button__link\" href=\"https:\/\/church4you.be\/liege\/events\/event\/programme-liege-ardent-2022-2023\/\" target=\"_blank\" rel=\"noreferrer noopener\">Li\u00e8ge Ardent 2022-23<\/a><\/div>\n<\/div>\n<\/div>\n<\/div>\n\n\n\n<div class=\"wp-block-columns\">\n<div class=\"wp-block-column\" style=\"flex-basis:33.33%\">\n<div class=\"wp-block-image\"><figure class=\"aligncenter size-full is-resized\"><img loading=\"lazy\" src=\"https:\/\/church4you.be\/liege\/wp-content\/uploads\/sites\/5\/2022\/10\/Logo-Verviers-Ardent.png\" alt=\"\" class=\"wp-image-10932\" width=\"225\" height=\"225\" srcset=\"https:\/\/church4you.be\/liege\/wp-content\/uploads\/sites\/5\/2022\/10\/Logo-Verviers-Ardent.png 900w, https:\/\/church4you.be\/liege\/wp-content\/uploads\/sites\/5\/2022\/10\/Logo-Verviers-Ardent-580x580.png 580w, https:\/\/church4you.be\/liege\/wp-content\/uploads\/sites\/5\/2022\/10\/Logo-Verviers-Ardent-250x250.png 250w, https:\/\/church4you.be\/liege\/wp-content\/uploads\/sites\/5\/2022\/10\/Logo-Verviers-Ardent-768x768.png 768w, https:\/\/church4you.be\/liege\/wp-content\/uploads\/sites\/5\/2022\/10\/Logo-Verviers-Ardent-100x100.png 100w, https:\/\/church4you.be\/liege\/wp-content\/uploads\/sites\/5\/2022\/10\/Logo-Verviers-Ardent-75x75.png 75w\" sizes=\"(max-width: 225px) 100vw, 225px\" \/><\/figure><\/div>\n<\/div>\n\n\n\n<div class=\"wp-block-column\" style=\"flex-basis:66.66%\">\n<p><b>Verviers Ardent, c&rsquo;est la petite s\u0153ur de Li\u00e8ge Ardent&#8230;<\/b><\/p>\n<p>&#8230; et comme son nom l&rsquo;indique, cela se passe \u00e0 Verviers, une fois par mois, en l&rsquo;Eglise Saint-Remacle. Demandez le programme ! \u2935\ufe0f<\/p>\n\n\n\n<div class=\"wp-block-buttons is-content-justification-center\">\n<div class=\"wp-block-button\"><a class=\"wp-block-button__link\" href=\"https:\/\/church4you.be\/liege\/events\/event\/programme-verviers-ardent-2022-2023\/\" target=\"_blank\" rel=\"noreferrer noopener\">Verviers Ardent 2022-23<\/a><\/div>\n<\/div>\n<\/div>\n<\/div>\n\n\n\n<div class=\"wp-block-columns\">\n<div class=\"wp-block-column\" style=\"flex-basis:33.33%\">\n<div class=\"wp-block-image is-style-rounded\"><figure class=\"aligncenter size-full is-resized\"><img loading=\"lazy\" src=\"https:\/\/church4you.be\/liege\/wp-content\/uploads\/sites\/5\/2022\/11\/LogoSMJv3.png\" alt=\"\" class=\"wp-image-11400\" width=\"240\" height=\"240\" srcset=\"https:\/\/church4you.be\/liege\/wp-content\/uploads\/sites\/5\/2022\/11\/LogoSMJv3.png 480w, https:\/\/church4you.be\/liege\/wp-content\/uploads\/sites\/5\/2022\/11\/LogoSMJv3-250x250.png 250w, https:\/\/church4you.be\/liege\/wp-content\/uploads\/sites\/5\/2022\/11\/LogoSMJv3-100x100.png 100w, https:\/\/church4you.be\/liege\/wp-content\/uploads\/sites\/5\/2022\/11\/LogoSMJv3-75x75.png 75w\" sizes=\"(max-width: 240px) 100vw, 240px\" \/><\/figure><\/div>\n<\/div>\n\n\n\n<div class=\"wp-block-column\" style=\"flex-basis:66.66%\">\n<p><strong>Messe anim\u00e9e par les jeunes \u00e0 Seraing<\/strong><\/p>\n\n\n\n<p style=\"text-align: justify\">La SMJ, <em>Seraing, Messe anim\u00e9e par les Jeunes<\/em>, c&rsquo;est une messe anim\u00e9e par les jeunes \u00e0 destination de tous. C&rsquo;est chaque samedi qui pr\u00e9c\u00e8de le premier dimanche du mois, en l&rsquo;Eglise Saint-L\u00e9onard de la Chatqueue. La prochaine, c&rsquo;est donc le samedi 3 d\u00e9cembre, \u00e0 18h00.<\/p>\n<\/div>\n<\/div>\n\n\n\n<div class=\"wp-block-columns\">\n<div class=\"wp-block-column\" style=\"flex-basis:33.33%\">\n<div class=\"wp-block-image is-style-rounded\"><figure class=\"aligncenter size-full is-resized\"><img loading=\"lazy\" src=\"https:\/\/church4you.be\/liege\/wp-content\/uploads\/sites\/5\/2022\/11\/LumierePaix.jpg\" alt=\"\" class=\"wp-image-11323\" width=\"225\" height=\"225\" srcset=\"https:\/\/church4you.be\/liege\/wp-content\/uploads\/sites\/5\/2022\/11\/LumierePaix.jpg 901w, https:\/\/church4you.be\/liege\/wp-content\/uploads\/sites\/5\/2022\/11\/LumierePaix-580x580.jpg 580w, https:\/\/church4you.be\/liege\/wp-content\/uploads\/sites\/5\/2022\/11\/LumierePaix-250x250.jpg 250w, https:\/\/church4you.be\/liege\/wp-content\/uploads\/sites\/5\/2022\/11\/LumierePaix-768x767.jpg 768w, https:\/\/church4you.be\/liege\/wp-content\/uploads\/sites\/5\/2022\/11\/LumierePaix-100x100.jpg 100w, https:\/\/church4you.be\/liege\/wp-content\/uploads\/sites\/5\/2022\/11\/LumierePaix-75x75.jpg 75w\" sizes=\"(max-width: 225px) 100vw, 225px\" \/><\/figure><\/div>\n<\/div>\n\n\n\n<div class=\"wp-block-column\" style=\"flex-basis:66.66%\">\n<p><strong>On l&rsquo;appelle aussi la \u00ab\u00a0Flamme de la Paix\u00a0\u00bb<\/strong><\/p>\n<p style=\"text-align: justify\">Depuis une trentaine d\u2019ann\u00e9es en Belgique, la diffusion de la Lumi\u00e8re pour la paix nous met en route vers No\u00ebl. Cette lumi\u00e8re vient directement de la grotte de la Nativit\u00e9 \u00e0 Bethl\u00e9em et est apport\u00e9e par les Scouts &amp; Guides jusqu\u2019\u00e0 Eupen.&nbsp;<\/p>\n\n\n\n<div class=\"wp-block-buttons is-content-justification-center\">\n<div class=\"wp-block-button\"><a class=\"wp-block-button__link\" href=\"https:\/\/church4you.be\/news\/lumierepaix\/\" target=\"_blank\" rel=\"noreferrer noopener\">lumi\u00e8re pour la paix<\/a><\/div>\n<\/div>\n<\/div>\n<\/div>\n\n\n\n<div class=\"wp-block-columns\">\n<div class=\"wp-block-column\" style=\"flex-basis:33.33%\">\n<figure class=\"wp-block-image size-full is-style-rounded\"><img loading=\"lazy\" width=\"1337\" height=\"425\" src=\"https:\/\/church4you.be\/liege\/wp-content\/uploads\/sites\/5\/2022\/11\/CompteInstaSDJ.png\" alt=\"\" class=\"wp-image-11387\" srcset=\"https:\/\/church4you.be\/liege\/wp-content\/uploads\/sites\/5\/2022\/11\/CompteInstaSDJ.png 1337w, https:\/\/church4you.be\/liege\/wp-content\/uploads\/sites\/5\/2022\/11\/CompteInstaSDJ-580x184.png 580w, https:\/\/church4you.be\/liege\/wp-content\/uploads\/sites\/5\/2022\/11\/CompteInstaSDJ-250x79.png 250w, https:\/\/church4you.be\/liege\/wp-content\/uploads\/sites\/5\/2022\/11\/CompteInstaSDJ-768x244.png 768w, https:\/\/church4you.be\/liege\/wp-content\/uploads\/sites\/5\/2022\/11\/CompteInstaSDJ-75x24.png 75w\" sizes=\"(max-width: 1337px) 100vw, 1337px\" \/><\/figure>\n<\/div>\n\n\n\n<div class=\"wp-block-column\" style=\"flex-basis:66.66%\">\n<p><strong>Challenge Inst&rsquo;Avent 2022<\/strong><\/p>\n<p style=\"text-align: justify\">Des \u00e9nigmes \u00e0 r\u00e9soudre tout au long de la p\u00e9riode de l&rsquo;Avent, avec des points \u00e0 engranger, peut-\u00eatre m\u00eame des lots \u00e0 gagner, \u00e7a vous motive ? Toutes les infos \u00e0 propos de ce challenge sont disponibles ci-dessous :<\/p>\n\n\n\n<div class=\"wp-block-buttons is-content-justification-center\">\n<div class=\"wp-block-button\"><a class=\"wp-block-button__link\" href=\"https:\/\/church4you.be\/liege\/resource\/challenge-insta-pour-lavent-2022\/\" target=\"_blank\" rel=\"noreferrer noopener\">Challenge INST&rsquo;AvENT 2022<\/a><\/div>\n<\/div>\n<\/div>\n<\/div>\n\n\n\n<div class=\"wp-block-columns\">\n<div class=\"wp-block-column\" style=\"flex-basis:33.33%\">\n<div class=\"wp-block-image\"><figure class=\"aligncenter size-full is-resized\"><img loading=\"lazy\" src=\"https:\/\/church4you.be\/liege\/wp-content\/uploads\/sites\/5\/2022\/01\/MEJBelgique.jpg\" alt=\"\" class=\"wp-image-9319\" width=\"307\" height=\"307\" srcset=\"https:\/\/church4you.be\/liege\/wp-content\/uploads\/sites\/5\/2022\/01\/MEJBelgique.jpg 409w, https:\/\/church4you.be\/liege\/wp-content\/uploads\/sites\/5\/2022\/01\/MEJBelgique-250x250.jpg 250w, https:\/\/church4you.be\/liege\/wp-content\/uploads\/sites\/5\/2022\/01\/MEJBelgique-100x100.jpg 100w, https:\/\/church4you.be\/liege\/wp-content\/uploads\/sites\/5\/2022\/01\/MEJBelgique-75x75.jpg 75w\" sizes=\"(max-width: 307px) 100vw, 307px\" \/><\/figure><\/div>\n<\/div>\n\n\n\n<div class=\"wp-block-column\" style=\"flex-basis:66.66%\">\n<p><strong>L&rsquo;Avent MEJique<\/strong><\/p>\n<p>Le 26 novembre, le MEJ vous propose un grand jeu et une Eucharistie pour commencer l&rsquo;Avent sur de bonnes bases ! Toutes les infos par ici \u2935\ufe0f<\/p>\n\n\n\n<div class=\"wp-block-buttons is-content-justification-center\">\n<div class=\"wp-block-button\"><a class=\"wp-block-button__link\" href=\"https:\/\/mejliege.be\/2022\/10\/30\/lavent-mejique\/\" target=\"_blank\" rel=\"noreferrer noopener\">Avent MEJIQUE<\/a><\/div>\n<\/div>\n<\/div>\n<\/div>\n\n\n\n<div class=\"wp-block-columns\">\n<div class=\"wp-block-column\" style=\"flex-basis:33.33%\">\n<div class=\"wp-block-image is-style-rounded\"><figure class=\"aligncenter size-full is-resized\"><img loading=\"lazy\" src=\"https:\/\/church4you.be\/liege\/wp-content\/uploads\/sites\/5\/2022\/11\/TaizeBelleflamme.jpg\" alt=\"\" class=\"wp-image-11324\" width=\"225\" height=\"225\" srcset=\"https:\/\/church4you.be\/liege\/wp-content\/uploads\/sites\/5\/2022\/11\/TaizeBelleflamme.jpg 900w, https:\/\/church4you.be\/liege\/wp-content\/uploads\/sites\/5\/2022\/11\/TaizeBelleflamme-580x580.jpg 580w, https:\/\/church4you.be\/liege\/wp-content\/uploads\/sites\/5\/2022\/11\/TaizeBelleflamme-250x250.jpg 250w, https:\/\/church4you.be\/liege\/wp-content\/uploads\/sites\/5\/2022\/11\/TaizeBelleflamme-768x768.jpg 768w, https:\/\/church4you.be\/liege\/wp-content\/uploads\/sites\/5\/2022\/11\/TaizeBelleflamme-100x100.jpg 100w, https:\/\/church4you.be\/liege\/wp-content\/uploads\/sites\/5\/2022\/11\/TaizeBelleflamme-75x75.jpg 75w\" sizes=\"(max-width: 225px) 100vw, 225px\" \/><\/figure><\/div>\n<\/div>\n\n\n\n<div class=\"wp-block-column\" style=\"flex-basis:66.66%\">\n<p><strong>Pri\u00e8re de Taiz\u00e9 dans notre dioc\u00e8se<\/strong><\/p>\n<p>Notre dioc\u00e8se est riche de plusieurs propositions de pri\u00e8re dans le style de Taiz\u00e9, notamment \u00e0 <a href=\"https:\/\/www.facebook.com\/taize.belleflamme\">Belleflamme<\/a> (Grivegn\u00e9e) ou \u00e0 <a href=\"https:\/\/church4you.be\/liege\/events\/event\/priere-dans-lesprit-de-taize-9\/\">Vis\u00e9<\/a>.\u00a0<\/p>\n<p>\u00a0<\/p>\n<\/div>\n<\/div>\n","protected":false},"excerpt":{"rendered":"<p>Pass\u00e9e la f\u00eate de la Toussaint, il reste une petite encablure de temps \u00e0 parcourir avant l&rsquo;Avent. La m\u00e9t\u00e9o n&rsquo;est pas la plus favorable de l&rsquo;ann\u00e9e, et les jours qui diminuent nous invitent \u00e0 toujours plus esp\u00e9rer le retour de la lumi\u00e8re avec un petit l, mais surtout avec un grand L, celle de J\u00e9sus &hellip; <\/p>\n<p class=\"link-more\"><a href=\"https:\/\/church4you.be\/liege\/news\/avant-lavent-novembre-2022\/\" class=\"more-link\">Continue reading<span class=\"screen-reader-text\"> \u00ab\u00a0Avant l&rsquo;Avent&#8230; &#8211; Novembre 2022\u00a0\u00bb<\/span><\/a><\/p>\n","protected":false},"author":7,"featured_media":7884,"template":"","tags":[2152],"news_category":[],"_links":{"self":[{"href":"https:\/\/church4you.be\/liege\/wp-json\/wp\/v2\/news\/11313"}],"collection":[{"href":"https:\/\/church4you.be\/liege\/wp-json\/wp\/v2\/news"}],"about":[{"href":"https:\/\/church4you.be\/liege\/wp-json\/wp\/v2\/types\/news"}],"author":[{"embeddable":true,"href":"https:\/\/church4you.be\/liege\/wp-json\/wp\/v2\/users\/7"}],"wp:featuredmedia":[{"embeddable":true,"href":"https:\/\/church4you.be\/liege\/wp-json\/wp\/v2\/media\/7884"}],"wp:attachment":[{"href":"https:\/\/church4you.be\/liege\/wp-json\/wp\/v2\/media?parent=11313"}],"wp:term":[{"taxonomy":"post_tag","embeddable":true,"href":"https:\/\/church4you.be\/liege\/wp-json\/wp\/v2\/tags?post=11313"},{"taxonomy":"news_category","embeddable":true,"href":"https:\/\/church4you.be\/liege\/wp-json\/wp\/v2\/news_category?post=11313"}],"curies":[{"name":"wp","href":"https:\/\/api.w.org\/{rel}","templated":true}]}}