{"id":36659,"date":"2025-05-13T17:40:35","date_gmt":"2025-05-13T15:40:35","guid":{"rendered":"https:\/\/church4you.be\/bruxelles\/?post_type=news&#038;p=36659"},"modified":"2025-05-13T17:40:49","modified_gmt":"2025-05-13T15:40:49","slug":"kots-et-colocs-catholiques-a-bruxelles","status":"publish","type":"news","link":"https:\/\/church4you.be\/bruxelles\/news\/kots-et-colocs-catholiques-a-bruxelles\/","title":{"rendered":"Kots et colocs catholiques \u00e0 Bruxelles"},"content":{"rendered":"\n<figure class=\"wp-block-image size-full\"><img loading=\"lazy\" width=\"1306\" height=\"259\" src=\"https:\/\/church4you.be\/bruxelles\/wp-content\/uploads\/sites\/2\/2025\/05\/Capture-decran-2025-05-13-173850.png\" alt=\"\" class=\"wp-image-36660\" srcset=\"https:\/\/church4you.be\/bruxelles\/wp-content\/uploads\/sites\/2\/2025\/05\/Capture-decran-2025-05-13-173850.png 1306w, https:\/\/church4you.be\/bruxelles\/wp-content\/uploads\/sites\/2\/2025\/05\/Capture-decran-2025-05-13-173850-580x115.png 580w, https:\/\/church4you.be\/bruxelles\/wp-content\/uploads\/sites\/2\/2025\/05\/Capture-decran-2025-05-13-173850-250x50.png 250w, https:\/\/church4you.be\/bruxelles\/wp-content\/uploads\/sites\/2\/2025\/05\/Capture-decran-2025-05-13-173850-768x152.png 768w, https:\/\/church4you.be\/bruxelles\/wp-content\/uploads\/sites\/2\/2025\/05\/Capture-decran-2025-05-13-173850-75x15.png 75w\" sizes=\"(max-width: 1306px) 100vw, 1306px\" \/><\/figure>\n\n\n\n<p>Tu cherches un kot ou une coloc \u00e0 projet catholique sur Bruxelles ? Notre nouveau site les r\u00e9pertorie avec une actualisation r\u00e9guli\u00e8re. Fonce voir : <a href=\"https:\/\/www.jeunescathosbxl.be\/kots-colocs\">https:\/\/www.jeunescathosbxl.be\/kots-colocs<\/a><\/p>\n","protected":false},"excerpt":{"rendered":"<p>Tu cherches un kot ou une coloc \u00e0 projet catholique sur Bruxelles ? Notre nouveau site les r\u00e9pertorie avec une actualisation r\u00e9guli\u00e8re. Fonce voir : https:\/\/www.jeunescathosbxl.be\/kots-colocs<\/p>\n","protected":false},"author":4,"featured_media":0,"template":"","tags":[],"news_category":[],"_links":{"self":[{"href":"https:\/\/church4you.be\/bruxelles\/wp-json\/wp\/v2\/news\/36659"}],"collection":[{"href":"https:\/\/church4you.be\/bruxelles\/wp-json\/wp\/v2\/news"}],"about":[{"href":"https:\/\/church4you.be\/bruxelles\/wp-json\/wp\/v2\/types\/news"}],"author":[{"embeddable":true,"href":"https:\/\/church4you.be\/bruxelles\/wp-json\/wp\/v2\/users\/4"}],"wp:attachment":[{"href":"https:\/\/church4you.be\/bruxelles\/wp-json\/wp\/v2\/media?parent=36659"}],"wp:term":[{"taxonomy":"post_tag","embeddable":true,"href":"https:\/\/church4you.be\/bruxelles\/wp-json\/wp\/v2\/tags?post=36659"},{"taxonomy":"news_category","embeddable":true,"href":"https:\/\/church4you.be\/bruxelles\/wp-json\/wp\/v2\/news_category?post=36659"}],"curies":[{"name":"wp","href":"https:\/\/api.w.org\/{rel}","templated":true}]}}