{"id":8907,"date":"2023-10-11T14:43:51","date_gmt":"2023-10-11T12:43:51","guid":{"rendered":"https:\/\/church4you.be\/brabant-wallon\/?post_type=news&#038;p=8907"},"modified":"2023-10-11T14:43:52","modified_gmt":"2023-10-11T12:43:52","slug":"echo-de-la-celebration-de-rentree-du-college-saint-etienne","status":"publish","type":"news","link":"https:\/\/church4you.be\/brabant-wallon\/news\/echo-de-la-celebration-de-rentree-du-college-saint-etienne\/","title":{"rendered":"Echo de la c\u00e9l\u00e9bration de rentr\u00e9e du Coll\u00e8ge Saint-Etienne"},"content":{"rendered":"\n<h2>Entrer en relation<\/h2>\n\n\n\n<p>Pour la deuxi\u00e8me ann\u00e9e cons\u00e9cutive, le Coll\u00e8ge Saint-Etienne de Court-Saint-Etienne a organis\u00e9 une c\u00e9l\u00e9bration de rentr\u00e9e pour les \u00e9l\u00e8ves de 1e secondaire. Le th\u00e8me choisi \u00e9tait \u00ab\u00a0Entrer en relation\u00a0\u00bb. La c\u00e9l\u00e9bration avait \u00e9t\u00e9 pr\u00e9par\u00e9e en classe de deux fa\u00e7ons diff\u00e9rentes : construction d&rsquo;une oeuvre d&rsquo;art collective li\u00e9e au th\u00e8me et d\u00e9couverte du texte de Zach\u00e9e.&nbsp;<\/p>\n\n\n\n<p>Diff\u00e9rents intervenants se relayaient lors de la c\u00e9l\u00e9bration elle-m\u00eame : certains professeurs et \u00e9ducateurs, la direction, l&rsquo;abb\u00e9 Jean-Marc Abbeloos, les \u00e9l\u00e8ves eux-m\u00eames, des \u00e9l\u00e8ves plus \u00e2g\u00e9s&#8230;<\/p>\n\n\n\n<p>Tous ont pu vivre plus de 60 minutes enrichissantes et vari\u00e9es : vid\u00e9o introductive, chants, hom\u00e9lie, geste symbolique avec des bougies, r\u00e9flexion autour de l&rsquo;\u0153uvre d&rsquo;art&#8230; Tous les ingr\u00e9dients se sont bien agenc\u00e9s pour vivre un vrai beau moment, avec une certaine profondeur.\u00a0<\/p>\n\n\n\n<p>Les regards se tournent vers la suite du calendrier maintenant avec peut-\u00eatre d&rsquo;autres \u00e9v\u00e9nements en vue (pour No\u00ebl ?).\u00a0<\/p>\n\n\n\n<p>Gr\u00e9gory Lef\u00e8vre, professeur de religion au Coll\u00e8ge Saint-Etienne<\/p>\n\n\n\n<figure class=\"wp-block-gallery columns-3 is-cropped\"><ul class=\"blocks-gallery-grid\"><li class=\"blocks-gallery-item\"><figure><img loading=\"lazy\" width=\"1350\" height=\"900\" src=\"https:\/\/church4you.be\/brabant-wallon\/wp-content\/uploads\/sites\/3\/2023\/10\/sans-titre-1374.jpg\" alt=\"\" data-id=\"8908\" data-full-url=\"https:\/\/church4you.be\/brabant-wallon\/wp-content\/uploads\/sites\/3\/2023\/10\/sans-titre-1374.jpg\" data-link=\"https:\/\/church4you.be\/brabant-wallon\/?attachment_id=8908\" class=\"wp-image-8908\" srcset=\"https:\/\/church4you.be\/brabant-wallon\/wp-content\/uploads\/sites\/3\/2023\/10\/sans-titre-1374.jpg 1350w, https:\/\/church4you.be\/brabant-wallon\/wp-content\/uploads\/sites\/3\/2023\/10\/sans-titre-1374-580x387.jpg 580w, https:\/\/church4you.be\/brabant-wallon\/wp-content\/uploads\/sites\/3\/2023\/10\/sans-titre-1374-250x167.jpg 250w, https:\/\/church4you.be\/brabant-wallon\/wp-content\/uploads\/sites\/3\/2023\/10\/sans-titre-1374-768x512.jpg 768w, https:\/\/church4you.be\/brabant-wallon\/wp-content\/uploads\/sites\/3\/2023\/10\/sans-titre-1374-75x50.jpg 75w\" sizes=\"(max-width: 1350px) 100vw, 1350px\" \/><\/figure><\/li><li class=\"blocks-gallery-item\"><figure><img loading=\"lazy\" width=\"600\" height=\"900\" src=\"https:\/\/church4you.be\/brabant-wallon\/wp-content\/uploads\/sites\/3\/2023\/10\/sans-titre-1362.jpg\" alt=\"\" data-id=\"8909\" data-full-url=\"https:\/\/church4you.be\/brabant-wallon\/wp-content\/uploads\/sites\/3\/2023\/10\/sans-titre-1362.jpg\" data-link=\"https:\/\/church4you.be\/brabant-wallon\/?attachment_id=8909\" class=\"wp-image-8909\" srcset=\"https:\/\/church4you.be\/brabant-wallon\/wp-content\/uploads\/sites\/3\/2023\/10\/sans-titre-1362.jpg 600w, https:\/\/church4you.be\/brabant-wallon\/wp-content\/uploads\/sites\/3\/2023\/10\/sans-titre-1362-387x580.jpg 387w, https:\/\/church4you.be\/brabant-wallon\/wp-content\/uploads\/sites\/3\/2023\/10\/sans-titre-1362-167x250.jpg 167w, https:\/\/church4you.be\/brabant-wallon\/wp-content\/uploads\/sites\/3\/2023\/10\/sans-titre-1362-50x75.jpg 50w\" sizes=\"(max-width: 600px) 100vw, 600px\" \/><\/figure><\/li><li class=\"blocks-gallery-item\"><figure><img loading=\"lazy\" width=\"1350\" height=\"900\" src=\"https:\/\/church4you.be\/brabant-wallon\/wp-content\/uploads\/sites\/3\/2023\/10\/sans-titre-1344.jpg\" alt=\"\" data-id=\"8910\" data-full-url=\"https:\/\/church4you.be\/brabant-wallon\/wp-content\/uploads\/sites\/3\/2023\/10\/sans-titre-1344.jpg\" data-link=\"https:\/\/church4you.be\/brabant-wallon\/?attachment_id=8910\" class=\"wp-image-8910\" srcset=\"https:\/\/church4you.be\/brabant-wallon\/wp-content\/uploads\/sites\/3\/2023\/10\/sans-titre-1344.jpg 1350w, https:\/\/church4you.be\/brabant-wallon\/wp-content\/uploads\/sites\/3\/2023\/10\/sans-titre-1344-580x387.jpg 580w, https:\/\/church4you.be\/brabant-wallon\/wp-content\/uploads\/sites\/3\/2023\/10\/sans-titre-1344-250x167.jpg 250w, https:\/\/church4you.be\/brabant-wallon\/wp-content\/uploads\/sites\/3\/2023\/10\/sans-titre-1344-768x512.jpg 768w, https:\/\/church4you.be\/brabant-wallon\/wp-content\/uploads\/sites\/3\/2023\/10\/sans-titre-1344-75x50.jpg 75w\" sizes=\"(max-width: 1350px) 100vw, 1350px\" \/><\/figure><\/li><li class=\"blocks-gallery-item\"><figure><img loading=\"lazy\" width=\"1350\" height=\"900\" src=\"https:\/\/church4you.be\/brabant-wallon\/wp-content\/uploads\/sites\/3\/2023\/10\/sans-titre-1372.jpg\" alt=\"\" data-id=\"8911\" data-full-url=\"https:\/\/church4you.be\/brabant-wallon\/wp-content\/uploads\/sites\/3\/2023\/10\/sans-titre-1372.jpg\" data-link=\"https:\/\/church4you.be\/brabant-wallon\/?attachment_id=8911\" class=\"wp-image-8911\" srcset=\"https:\/\/church4you.be\/brabant-wallon\/wp-content\/uploads\/sites\/3\/2023\/10\/sans-titre-1372.jpg 1350w, https:\/\/church4you.be\/brabant-wallon\/wp-content\/uploads\/sites\/3\/2023\/10\/sans-titre-1372-580x387.jpg 580w, https:\/\/church4you.be\/brabant-wallon\/wp-content\/uploads\/sites\/3\/2023\/10\/sans-titre-1372-250x167.jpg 250w, https:\/\/church4you.be\/brabant-wallon\/wp-content\/uploads\/sites\/3\/2023\/10\/sans-titre-1372-768x512.jpg 768w, https:\/\/church4you.be\/brabant-wallon\/wp-content\/uploads\/sites\/3\/2023\/10\/sans-titre-1372-75x50.jpg 75w\" sizes=\"(max-width: 1350px) 100vw, 1350px\" \/><\/figure><\/li><\/ul><\/figure>\n","protected":false},"excerpt":{"rendered":"<p>Entrer en relation Pour la deuxi\u00e8me ann\u00e9e cons\u00e9cutive, le Coll\u00e8ge Saint-Etienne de Court-Saint-Etienne a organis\u00e9 une c\u00e9l\u00e9bration de rentr\u00e9e pour les \u00e9l\u00e8ves de 1e secondaire. Le th\u00e8me choisi \u00e9tait \u00ab\u00a0Entrer en relation\u00a0\u00bb. La c\u00e9l\u00e9bration avait \u00e9t\u00e9 pr\u00e9par\u00e9e en classe de deux fa\u00e7ons diff\u00e9rentes : construction d&rsquo;une oeuvre d&rsquo;art collective li\u00e9e au th\u00e8me et d\u00e9couverte du &hellip; <\/p>\n<p class=\"link-more\"><a href=\"https:\/\/church4you.be\/brabant-wallon\/news\/echo-de-la-celebration-de-rentree-du-college-saint-etienne\/\" class=\"more-link\">Continue reading<span class=\"screen-reader-text\"> \u00ab\u00a0Echo de la c\u00e9l\u00e9bration de rentr\u00e9e du Coll\u00e8ge Saint-Etienne\u00a0\u00bb<\/span><\/a><\/p>\n","protected":false},"author":5,"featured_media":8910,"template":"","tags":[475,1345,1346],"news_category":[],"_links":{"self":[{"href":"https:\/\/church4you.be\/brabant-wallon\/wp-json\/wp\/v2\/news\/8907"}],"collection":[{"href":"https:\/\/church4you.be\/brabant-wallon\/wp-json\/wp\/v2\/news"}],"about":[{"href":"https:\/\/church4you.be\/brabant-wallon\/wp-json\/wp\/v2\/types\/news"}],"author":[{"embeddable":true,"href":"https:\/\/church4you.be\/brabant-wallon\/wp-json\/wp\/v2\/users\/5"}],"wp:featuredmedia":[{"embeddable":true,"href":"https:\/\/church4you.be\/brabant-wallon\/wp-json\/wp\/v2\/media\/8910"}],"wp:attachment":[{"href":"https:\/\/church4you.be\/brabant-wallon\/wp-json\/wp\/v2\/media?parent=8907"}],"wp:term":[{"taxonomy":"post_tag","embeddable":true,"href":"https:\/\/church4you.be\/brabant-wallon\/wp-json\/wp\/v2\/tags?post=8907"},{"taxonomy":"news_category","embeddable":true,"href":"https:\/\/church4you.be\/brabant-wallon\/wp-json\/wp\/v2\/news_category?post=8907"}],"curies":[{"name":"wp","href":"https:\/\/api.w.org\/{rel}","templated":true}]}}