{"id":6576,"date":"2021-05-25T12:52:45","date_gmt":"2021-05-25T10:52:45","guid":{"rendered":"https:\/\/church4you.be\/brabant-wallon\/?post_type=news&#038;p=6576"},"modified":"2021-05-25T12:58:31","modified_gmt":"2021-05-25T10:58:31","slug":"harcelement-scolaire-tuyaux-pour-les-parents-echo-de-la-soiree","status":"publish","type":"news","link":"https:\/\/church4you.be\/brabant-wallon\/news\/harcelement-scolaire-tuyaux-pour-les-parents-echo-de-la-soiree\/","title":{"rendered":"\u00ab Harc\u00e8lement scolaire, tuyaux pour les parents \u00bb: \u00e9cho de la soir\u00e9e."},"content":{"rendered":"\n<div class=\"wp-block-media-text alignwide is-stacked-on-mobile\"><figure class=\"wp-block-media-text__media\"><img loading=\"lazy\" width=\"1338\" height=\"900\" src=\"https:\/\/church4you.be\/brabant-wallon\/wp-content\/uploads\/sites\/3\/2021\/05\/1.png\" alt=\"\" class=\"wp-image-6577 size-full\" srcset=\"https:\/\/church4you.be\/brabant-wallon\/wp-content\/uploads\/sites\/3\/2021\/05\/1.png 1338w, https:\/\/church4you.be\/brabant-wallon\/wp-content\/uploads\/sites\/3\/2021\/05\/1-580x390.png 580w, https:\/\/church4you.be\/brabant-wallon\/wp-content\/uploads\/sites\/3\/2021\/05\/1-250x168.png 250w, https:\/\/church4you.be\/brabant-wallon\/wp-content\/uploads\/sites\/3\/2021\/05\/1-768x517.png 768w, https:\/\/church4you.be\/brabant-wallon\/wp-content\/uploads\/sites\/3\/2021\/05\/1-75x50.png 75w\" sizes=\"(max-width: 1338px) 100vw, 1338px\" \/><\/figure><div class=\"wp-block-media-text__content\">\n<p class=\"has-large-font-size\">Parmi les th\u00e8mes abord\u00e9es cette ann\u00e9e au sein du P\u00f4le Jeunes de Nivelles, celui du <em>harc\u00e8lement<\/em> a \u00e9t\u00e9 exploit\u00e9 sous forme de \u00ab\u00a0triptyque\u00a0\u00bb: 2 rendez-vous avec les jeunes et une conf\u00e9rence adress\u00e9e aux parents.<\/p>\n<\/div><\/div>\n\n\n\n<p>Pour se faire, ils ont fait appel \u00e0 une sp\u00e9cialiste dans le domaine D\u00e9sir\u00e9e Seghers, juriste de formation, m\u00e9diatrice, form\u00e9e en th\u00e9rapie br\u00e8ve et en coaching orient\u00e9 solutions et maman de 4 enfants ! Une premi\u00e8re r\u00e9union virtuelle a permis \u00e0 nos jeunes de d\u00e9couvrir, d\u2019approfondir et de partager autour de la gestion de leurs \u00e9motions. Un deuxi\u00e8me rendez-vous \u00e9tait fix\u00e9 le 28 mai pour leur donner des cl\u00e9s concernant le harc\u00e8lement ainsi que leur permettre d\u2019\u00e9changer leur v\u00e9cu \u00e0 ce propos. Entre ces deux moments, la Pastorale des jeunes du Brabant wallon s\u2019est associ\u00e9e au P\u00f4le Jeunes de Nivelles pour organiser une conf\u00e9rence en ligne adress\u00e9e cette fois-ci aux parents. Celle-ci eu lieu le 17 mai en pr\u00e9sence de plus de 60 personnes.<\/p>\n\n\n\n<p>D\u00e9sir\u00e9e a tout d\u2019abord attir\u00e9 notre attention sur le fait que NON, le harc\u00e8lement n\u2019est pas une fatalit\u00e9 et que OUI tout enfant a en lui plein de ressources pour y faire face. &nbsp;Notre r\u00f4le \u00e0 nous, parents, est essentiel pour l\u2019aider \u00e0 \u201cd\u00e9-couvrir\u201d ses propres ressources (parfois bien enfuies, \u00e0 cause de la peur surtout) et pour l\u2019aider \u00e0 y avoir acc\u00e8s. C\u2019est ainsi qu\u2019il pourra sortir du cercle vicieux dans lequel il se trouve coinc\u00e9 avec le harceleur. Elle nous a fait prendre conscience que notre place de parent n\u2019est pas entre notre enfant et son monde \u00e0 lui mais&nbsp;<strong>\u00e0 c\u00f4t\u00e9<\/strong>&nbsp;de lui afin de l\u2019aider, de l\u2019\u00e9pauler, de l\u2019accompagner dans ce cheminement afin qu&rsquo;il devienne davantage acteur de sa vie et renforce ainsi sa confiance en lui.&nbsp;Il ne s\u2019agit nullement de r\u00e9pondre \u00e0 l\u2019agressivit\u00e9 par l\u2019agressivit\u00e9; il s\u2019agit de remettre l\u2019\u00e9quilibre dans les relations.&nbsp;C\u2019est une approche gagnant-gagnant : l\u2019enfant harcel\u00e9 d\u00e9couvre de nouvelles comp\u00e9tences qui lui serviront toute sa vie et il y trouvera une meilleure estime de lui-m\u00eame. Quant \u00e0 l\u2019harceleur, il est salutaire pour lui qu\u2019il ne soit pas maintenu dans une illusion de toute puissance et qu\u2019il fasse l\u2019exp\u00e9rience des cons\u00e9quences n\u00e9gatives de son attitude agressive que ses <strong><em>paires<\/em><\/strong> eux-m\u00eames lui renvoient (plus efficace que les sanctions, pourtant parfois n\u00e9cessaires). &nbsp;<\/p>\n\n\n\n<div class=\"wp-block-media-text alignwide has-media-on-the-right is-stacked-on-mobile is-vertically-aligned-center\"><figure class=\"wp-block-media-text__media\"><img loading=\"lazy\" width=\"1343\" height=\"900\" src=\"https:\/\/church4you.be\/brabant-wallon\/wp-content\/uploads\/sites\/3\/2021\/05\/2.png\" alt=\"\" class=\"wp-image-6578 size-full\" srcset=\"https:\/\/church4you.be\/brabant-wallon\/wp-content\/uploads\/sites\/3\/2021\/05\/2.png 1343w, https:\/\/church4you.be\/brabant-wallon\/wp-content\/uploads\/sites\/3\/2021\/05\/2-580x389.png 580w, https:\/\/church4you.be\/brabant-wallon\/wp-content\/uploads\/sites\/3\/2021\/05\/2-250x168.png 250w, https:\/\/church4you.be\/brabant-wallon\/wp-content\/uploads\/sites\/3\/2021\/05\/2-768x515.png 768w, https:\/\/church4you.be\/brabant-wallon\/wp-content\/uploads\/sites\/3\/2021\/05\/2-75x50.png 75w\" sizes=\"(max-width: 1343px) 100vw, 1343px\" \/><\/figure><div class=\"wp-block-media-text__content\">\n<p class=\"has-large-font-size\">Grace \u00e0 un moyen&nbsp;mn\u00e9motechnique, D\u00e9sir\u00e9e a donn\u00e9 plein de tuyaux positifs aux parents pour qu\u2019ils puissent regarder les situations de harc\u00e8lement scolaire avec un regard diff\u00e9rent et surtout pour qu\u2019ils puissent, eux aussi, abandonner leur v\u00e9cu d&rsquo;impuissance pour&nbsp;retrouver confiance en leur r\u00f4le de tuteurs (dans le sens de soutien comme pour&nbsp;les&nbsp;plantes!), d\u2019accompagnateurs, de guides pour leurs enfants. Vraiment&nbsp;une approche&nbsp;gagnant-gagnant constructive pour tous les acteurs du terrain, pour les parents aussi (et pour les \u00e9coles et les enseignants aussi, mais \u00e7a, c\u2019est un autre chapitre) !&nbsp;&nbsp;&nbsp;&nbsp;<\/p>\n<\/div><\/div>\n\n\n\n<p>Les nombreux retours positifs des parents pr\u00e9sents \u00e0 cette visio-conf\u00e9rence t\u00e9moignent sans aucun doute du bien-fond\u00e9 et de l\u2019accessibilit\u00e9 de cette m\u00e9thode, quelque peu novatrice, dans le domaine du harc\u00e8lement scolaire.<\/p>\n\n\n\n<p>M-Christine pour le PJ Nivelles.<\/p>\n","protected":false},"excerpt":{"rendered":"<p>Parmi les th\u00e8mes abord\u00e9es cette ann\u00e9e au sein du P\u00f4le Jeunes de Nivelles, celui du harc\u00e8lement a \u00e9t\u00e9 exploit\u00e9 sous forme de \u00ab\u00a0triptyque\u00a0\u00bb: 2 rendez-vous avec les jeunes et une conf\u00e9rence adress\u00e9e aux parents. Pour se faire, ils ont fait appel \u00e0 une sp\u00e9cialiste dans le domaine D\u00e9sir\u00e9e Seghers, juriste de formation, m\u00e9diatrice, form\u00e9e en &hellip; <\/p>\n<p class=\"link-more\"><a href=\"https:\/\/church4you.be\/brabant-wallon\/news\/harcelement-scolaire-tuyaux-pour-les-parents-echo-de-la-soiree\/\" class=\"more-link\">Continue reading<span class=\"screen-reader-text\"> \u00ab\u00a0\u00ab Harc\u00e8lement scolaire, tuyaux pour les parents \u00bb: \u00e9cho de la soir\u00e9e.\u00a0\u00bb<\/span><\/a><\/p>\n","protected":false},"author":5,"featured_media":0,"template":"","tags":[1012,1010,1009,1011],"news_category":[],"_links":{"self":[{"href":"https:\/\/church4you.be\/brabant-wallon\/wp-json\/wp\/v2\/news\/6576"}],"collection":[{"href":"https:\/\/church4you.be\/brabant-wallon\/wp-json\/wp\/v2\/news"}],"about":[{"href":"https:\/\/church4you.be\/brabant-wallon\/wp-json\/wp\/v2\/types\/news"}],"author":[{"embeddable":true,"href":"https:\/\/church4you.be\/brabant-wallon\/wp-json\/wp\/v2\/users\/5"}],"wp:attachment":[{"href":"https:\/\/church4you.be\/brabant-wallon\/wp-json\/wp\/v2\/media?parent=6576"}],"wp:term":[{"taxonomy":"post_tag","embeddable":true,"href":"https:\/\/church4you.be\/brabant-wallon\/wp-json\/wp\/v2\/tags?post=6576"},{"taxonomy":"news_category","embeddable":true,"href":"https:\/\/church4you.be\/brabant-wallon\/wp-json\/wp\/v2\/news_category?post=6576"}],"curies":[{"name":"wp","href":"https:\/\/api.w.org\/{rel}","templated":true}]}}