{"id":13453,"date":"2025-09-27T18:59:37","date_gmt":"2025-09-27T16:59:37","guid":{"rendered":"https:\/\/church4you.be\/brabant-wallon\/?post_type=news&#038;p=13453"},"modified":"2025-10-02T15:32:24","modified_gmt":"2025-10-02T13:32:24","slug":"temoignage-dun-jeune-demandant-le-bapteme","status":"publish","type":"news","link":"https:\/\/church4you.be\/brabant-wallon\/news\/temoignage-dun-jeune-demandant-le-bapteme\/","title":{"rendered":"A 21 ans, il veut se faire baptiser&#8230;"},"content":{"rendered":"\n<figure class=\"wp-block-image size-full is-resized\"><img loading=\"lazy\" src=\"https:\/\/church4you.be\/brabant-wallon\/wp-content\/uploads\/sites\/3\/2025\/09\/Capture-decran-2025-09-18-a-13.14.43.png\" alt=\"\" class=\"wp-image-13454\" width=\"533\" height=\"350\" srcset=\"https:\/\/church4you.be\/brabant-wallon\/wp-content\/uploads\/sites\/3\/2025\/09\/Capture-decran-2025-09-18-a-13.14.43.png 660w, https:\/\/church4you.be\/brabant-wallon\/wp-content\/uploads\/sites\/3\/2025\/09\/Capture-decran-2025-09-18-a-13.14.43-580x381.png 580w, https:\/\/church4you.be\/brabant-wallon\/wp-content\/uploads\/sites\/3\/2025\/09\/Capture-decran-2025-09-18-a-13.14.43-250x164.png 250w, https:\/\/church4you.be\/brabant-wallon\/wp-content\/uploads\/sites\/3\/2025\/09\/Capture-decran-2025-09-18-a-13.14.43-75x49.png 75w\" sizes=\"(max-width: 533px) 100vw, 533px\" \/><\/figure>\n\n\n\n<p>Bonjour,<\/p>\n\n\n\n<p>Je me pr\u00e9sente, je suis un jeune de 21 ans qui a d\u00e9cid\u00e9 de se faire baptiser.<\/p>\n\n\n\n<p>Ce qui m&rsquo;a pouss\u00e9 \u00e0 le faire ? J&rsquo;ai toujours voulu \u00eatre baptis\u00e9 \u00e9tant petit. J&rsquo;ai enfin pris la d\u00e9cision de le faire pour int\u00e9grer officiellement la communaut\u00e9 chr\u00e9tienne&nbsp;et pour mon accomplissement personnel. Mon bapt\u00eame n&rsquo;est que le commencement d&rsquo;un cheminement dans ma foi chr\u00e9tienne.<\/p>\n\n\n\n<p>Mes premiers contacts avec l&rsquo;Eglise de Tubize se sont plus que bien pass\u00e9s. P\u00e8re Alain est venu plusieurs fois \u00e0 la maison ainsi que Marius pour faire connaissance&nbsp;et me donner toutes les explications n\u00e9cessaires. Ce sont de magnifiques personnes ! Toujours \u00e0 l&rsquo;\u00e9coute, bienveillantes, tr\u00e8s sympathiques et qui vous portent bien au-del\u00e0. Je me sens port\u00e9 par eux. Je suis tr\u00e8s chanceux de pouvoir faire partie de cette paroisse.<\/p>\n\n\n\n<p>Dimanche pass\u00e9 \u00e9tait mon premier jour de cat\u00e9chisme. Cela a \u00e9t\u00e9 fort agr\u00e9able&nbsp;d&rsquo;avoir rencontr\u00e9 de nouvelles personnes mais aussi de pouvoir apprendre et approfondir mes connaissances sur la foi, comme par exemple sur la Trinit\u00e9. Mais aussi de pouvoir partager&nbsp;celle-ci avec d&rsquo;autres personnes. Je me suis senti en famille.<\/p>\n\n\n\n<p>J&rsquo;attends de ma pr\u00e9paration au bapt\u00eame, une r\u00e9flexion de ma part sur le sens du sacrement, faire partie de la famille chr\u00e9tienne, un partage de vie et approfondir ma foi.&nbsp;&nbsp;<\/p>\n\n\n\n<p><strong>A 21 ans, il ose le bapt\u00eame<\/strong>&#8230;<\/p>\n\n\n\n<p>\ud83d\udc49\u00a0Et toi ? La question de Dieu t\u2019interpelle ? Tu aimerais creuser ta foi, (re)d\u00e9couvrir l\u2019\u00c9vangile ou m\u00eame te pr\u00e9parer au bapt\u00eame ?<br>\u00c0 Louvain-la-Neuve, un parcours est propos\u00e9 les mercredis soir avec Fr\u00e8re Patrick et P\u00e8re Alexandre. Ce chemin allie rencontres, t\u00e9moignages, formations et temps conviviaux.<\/p>\n\n\n\n<p>Tu peux m\u00eame aller voir juste une fois si \u00e7a te pla\u00eet avant de d\u00e9cider de continuer&nbsp;!&nbsp;<br>Pour toute question&nbsp;:&nbsp;<\/p>\n\n\n\n<p>Fr\u00e8re Patrick Gillard&nbsp;: 0494 15 84 88 \u2013&nbsp;<a href=\"mailto:p.gillard@dominicains.org\">p.gillard@dominicains.org<\/a><\/p>\n\n\n\n<p><\/p>\n","protected":false},"excerpt":{"rendered":"<p>Bonjour, Je me pr\u00e9sente, je suis un jeune de 21 ans qui a d\u00e9cid\u00e9 de se faire baptiser. Ce qui m&rsquo;a pouss\u00e9 \u00e0 le faire ? J&rsquo;ai toujours voulu \u00eatre baptis\u00e9 \u00e9tant petit. J&rsquo;ai enfin pris la d\u00e9cision de le faire pour int\u00e9grer officiellement la communaut\u00e9 chr\u00e9tienne&nbsp;et pour mon accomplissement personnel. Mon bapt\u00eame n&rsquo;est que &hellip; <\/p>\n<p class=\"link-more\"><a href=\"https:\/\/church4you.be\/brabant-wallon\/news\/temoignage-dun-jeune-demandant-le-bapteme\/\" class=\"more-link\">Continue reading<span class=\"screen-reader-text\"> \u00ab\u00a0A 21 ans, il veut se faire baptiser&#8230;\u00a0\u00bb<\/span><\/a><\/p>\n","protected":false},"author":5,"featured_media":13454,"template":"","tags":[494,1582,661],"news_category":[],"_links":{"self":[{"href":"https:\/\/church4you.be\/brabant-wallon\/wp-json\/wp\/v2\/news\/13453"}],"collection":[{"href":"https:\/\/church4you.be\/brabant-wallon\/wp-json\/wp\/v2\/news"}],"about":[{"href":"https:\/\/church4you.be\/brabant-wallon\/wp-json\/wp\/v2\/types\/news"}],"author":[{"embeddable":true,"href":"https:\/\/church4you.be\/brabant-wallon\/wp-json\/wp\/v2\/users\/5"}],"wp:featuredmedia":[{"embeddable":true,"href":"https:\/\/church4you.be\/brabant-wallon\/wp-json\/wp\/v2\/media\/13454"}],"wp:attachment":[{"href":"https:\/\/church4you.be\/brabant-wallon\/wp-json\/wp\/v2\/media?parent=13453"}],"wp:term":[{"taxonomy":"post_tag","embeddable":true,"href":"https:\/\/church4you.be\/brabant-wallon\/wp-json\/wp\/v2\/tags?post=13453"},{"taxonomy":"news_category","embeddable":true,"href":"https:\/\/church4you.be\/brabant-wallon\/wp-json\/wp\/v2\/news_category?post=13453"}],"curies":[{"name":"wp","href":"https:\/\/api.w.org\/{rel}","templated":true}]}}